{"id":977,"date":"2016-01-18T21:33:19","date_gmt":"2016-01-18T20:33:19","guid":{"rendered":"http:\/\/karin-rehnqvist.se\/eng\/?p=977"},"modified":"2016-01-28T23:08:40","modified_gmt":"2016-01-28T22:08:40","slug":"sleep-now-a-new-piece","status":"publish","type":"post","link":"https:\/\/karin-rehnqvist.se\/eng\/sleep-now-a-new-piece\/","title":{"rendered":"Sleep now \u2013 a new piece"},"content":{"rendered":"<p>&nbsp;<\/p>\n<div class=\"jetpack-video-wrapper\"><span class=\"embed-youtube\" style=\"text-align:center; display: block;\"><iframe loading=\"lazy\" class=\"youtube-player\" width=\"640\" height=\"360\" src=\"https:\/\/www.youtube.com\/embed\/9b7njfqDprA?version=3&#038;rel=1&#038;showsearch=0&#038;showinfo=1&#038;iv_load_policy=1&#038;fs=1&#038;hl=en-US&#038;autohide=2&#038;wmode=transparent\" allowfullscreen=\"true\" style=\"border:0;\" sandbox=\"allow-scripts allow-same-origin allow-popups allow-presentation allow-popups-to-escape-sandbox\"><\/iframe><\/span><\/div>\n<p>SLEEP NOW \u2013 a lullaby drama for soprano, bass flute and double bass.<br \/>\n(alternative version with alto flute).<\/p>\n<p>Text:<br \/>\nLullaby: Sally Beamish<br \/>\nWhisperings: Karin Rehnqvist<\/p>\n<p>Duration ca 9 min<\/p>\n<p>Sleep now, is a lullaby in the form a minidrama.<br \/>\nA mother is trying to sing her baby to sleep, which isn\u2019t always easy! It can take a long time. As she sings her soothing lullaby, she grows more and more impatient, but of course this only makes matters worse. All the chores she has to remember run through her head at once, whispering: \u201dHave to wash, mustn\u2019t forget to call mum,\u00a0did I feed the cat?\u201d<\/p>\n<p>Composed for Trio Ek\/ Janson\/ Svensdotter with support from Swedish Arts Council.<br \/>\nHelena Ek, soprano, Anna Svensdotter, flute, Peter Janson double bass.<\/p>\n<p>First performance at Magnet Festival, Vara Concert House, Sweden, 2 Oct 2015.<\/p>\n<p>&nbsp;<\/p>\n<p>&nbsp;<\/p>\n<p>&nbsp;<\/p>\n","protected":false},"excerpt":{"rendered":"<p>&nbsp; SLEEP NOW \u2013 a lullaby drama for soprano, bass flute and double bass. (alternative version with alto flute). Text: Lullaby: Sally Beamish <\/p>\n","protected":false},"author":1,"featured_media":1158,"comment_status":"closed","ping_status":"open","sticky":false,"template":"","format":"standard","meta":{"ngg_post_thumbnail":0,"jetpack_post_was_ever_published":false,"_jetpack_newsletter_access":"","_jetpack_dont_email_post_to_subs":false,"_jetpack_newsletter_tier_id":0,"_jetpack_memberships_contains_paywalled_content":false,"_jetpack_memberships_contains_paid_content":false,"footnotes":"","jetpack_publicize_message":"","jetpack_publicize_feature_enabled":true,"jetpack_social_post_already_shared":true,"jetpack_social_options":{"image_generator_settings":{"template":"highway","default_image_id":0,"font":"","enabled":false},"version":2}},"categories":[4,23],"tags":[],"class_list":["post-977","post","type-post","status-publish","format-standard","has-post-thumbnail","hentry","category-latest","category-notes"],"jetpack_publicize_connections":[],"jetpack_featured_media_url":"https:\/\/i0.wp.com\/karin-rehnqvist.se\/eng\/wp-content\/uploads\/2016\/01\/SleepNow_vinjett.jpg?fit=1024%2C854&ssl=1","jetpack_sharing_enabled":true,"jetpack_shortlink":"https:\/\/wp.me\/p79arM-fL","jetpack-related-posts":[{"id":4024,"url":"https:\/\/karin-rehnqvist.se\/eng\/autumn-2025\/","url_meta":{"origin":977,"position":0},"title":"Autumn 2025","author":"admin2","date":"September 3, 2025","format":false,"excerpt":"9 August 2025When I close my eyes I dream of peaceThe Swedish National Youth Choir, The Norwegian National Youth Choir, The Finnish National Youth ChoirFlorian Benfer, conductor, Malva Pentik\u00e4inen, Hanna Balsnes, Maria Yefanova, subconductorsNordklang Festival and Norbusang Festival, Oslo Cathedral, 7.00 pm 10 August 2025David's NimmDREI:st EnsembleSt. George\u2019s Church, Parchim,\u2026","rel":"","context":"In &quot;Latest&quot;","block_context":{"text":"Latest","link":"https:\/\/karin-rehnqvist.se\/eng\/category\/latest\/"},"img":{"alt_text":"","src":"https:\/\/i0.wp.com\/karin-rehnqvist.se\/eng\/wp-content\/uploads\/2025\/09\/bakgr_abstr_kalendarium25namnteckn_2.jpg?fit=1200%2C643&ssl=1&resize=350%2C200","width":350,"height":200,"srcset":"https:\/\/i0.wp.com\/karin-rehnqvist.se\/eng\/wp-content\/uploads\/2025\/09\/bakgr_abstr_kalendarium25namnteckn_2.jpg?fit=1200%2C643&ssl=1&resize=350%2C200 1x, https:\/\/i0.wp.com\/karin-rehnqvist.se\/eng\/wp-content\/uploads\/2025\/09\/bakgr_abstr_kalendarium25namnteckn_2.jpg?fit=1200%2C643&ssl=1&resize=525%2C300 1.5x, https:\/\/i0.wp.com\/karin-rehnqvist.se\/eng\/wp-content\/uploads\/2025\/09\/bakgr_abstr_kalendarium25namnteckn_2.jpg?fit=1200%2C643&ssl=1&resize=700%2C400 2x, https:\/\/i0.wp.com\/karin-rehnqvist.se\/eng\/wp-content\/uploads\/2025\/09\/bakgr_abstr_kalendarium25namnteckn_2.jpg?fit=1200%2C643&ssl=1&resize=1050%2C600 3x"},"classes":[]},{"id":958,"url":"https:\/\/karin-rehnqvist.se\/eng\/spring-2016\/","url_meta":{"origin":977,"position":1},"title":"Spring 2016","author":"admin2","date":"January 23, 2016","format":false,"excerpt":"When I close my eyes, I dream of peace \u2013\u00a0a piece for mixed choir in many languages.\u00a0My peace project. The title and text of this piece is only one sentence long. I found it in a book, said by an unidentified 11-year-old Croatian boy during the Balkan Wars. The sentence\u2026","rel":"","context":"In &quot;Latest&quot;","block_context":{"text":"Latest","link":"https:\/\/karin-rehnqvist.se\/eng\/category\/latest\/"},"img":{"alt_text":"","src":"https:\/\/i0.wp.com\/karin-rehnqvist.se\/eng\/wp-content\/uploads\/2016\/01\/KR_namnteckn_noter4_gr%C3%B6n.jpg?fit=1134%2C735&ssl=1&resize=350%2C200","width":350,"height":200,"srcset":"https:\/\/i0.wp.com\/karin-rehnqvist.se\/eng\/wp-content\/uploads\/2016\/01\/KR_namnteckn_noter4_gr%C3%B6n.jpg?fit=1134%2C735&ssl=1&resize=350%2C200 1x, https:\/\/i0.wp.com\/karin-rehnqvist.se\/eng\/wp-content\/uploads\/2016\/01\/KR_namnteckn_noter4_gr%C3%B6n.jpg?fit=1134%2C735&ssl=1&resize=525%2C300 1.5x, https:\/\/i0.wp.com\/karin-rehnqvist.se\/eng\/wp-content\/uploads\/2016\/01\/KR_namnteckn_noter4_gr%C3%B6n.jpg?fit=1134%2C735&ssl=1&resize=700%2C400 2x, https:\/\/i0.wp.com\/karin-rehnqvist.se\/eng\/wp-content\/uploads\/2016\/01\/KR_namnteckn_noter4_gr%C3%B6n.jpg?fit=1134%2C735&ssl=1&resize=1050%2C600 3x"},"classes":[]},{"id":4087,"url":"https:\/\/karin-rehnqvist.se\/eng\/spring-2026\/","url_meta":{"origin":977,"position":2},"title":"Spring 2026","author":"admin2","date":"January 28, 2026","format":false,"excerpt":"17 January 2026WingsLaura Michelin, solo fluteFrontside Festival, Slottsskogsobservatoriet, Gothenburg, 10.30 AM 29 January 2026I Thought the Sea Would Sing to MeNathan Sherman, violaUCD School of Music, Dublin, 1.00 PM 7 February 2026\u00a0\u2013\u00a0World premiereThe Way to Arareko, an opera for childrenA funny, fantastical fairy-tale operaLibretto: Mercedes G\u00f3mez\u00a0Libretto adaptation and direction: Lisbeth\u2026","rel":"","context":"In &quot;Latest&quot;","block_context":{"text":"Latest","link":"https:\/\/karin-rehnqvist.se\/eng\/category\/latest\/"},"img":{"alt_text":"","src":"https:\/\/i0.wp.com\/karin-rehnqvist.se\/eng\/wp-content\/uploads\/2026\/01\/orange-former_vinjett.jpg?fit=1200%2C552&ssl=1&resize=350%2C200","width":350,"height":200,"srcset":"https:\/\/i0.wp.com\/karin-rehnqvist.se\/eng\/wp-content\/uploads\/2026\/01\/orange-former_vinjett.jpg?fit=1200%2C552&ssl=1&resize=350%2C200 1x, https:\/\/i0.wp.com\/karin-rehnqvist.se\/eng\/wp-content\/uploads\/2026\/01\/orange-former_vinjett.jpg?fit=1200%2C552&ssl=1&resize=525%2C300 1.5x, https:\/\/i0.wp.com\/karin-rehnqvist.se\/eng\/wp-content\/uploads\/2026\/01\/orange-former_vinjett.jpg?fit=1200%2C552&ssl=1&resize=700%2C400 2x, https:\/\/i0.wp.com\/karin-rehnqvist.se\/eng\/wp-content\/uploads\/2026\/01\/orange-former_vinjett.jpg?fit=1200%2C552&ssl=1&resize=1050%2C600 3x"},"classes":[]},{"id":3702,"url":"https:\/\/karin-rehnqvist.se\/eng\/spring-2025\/","url_meta":{"origin":977,"position":3},"title":"Spring 2025","author":"admin2","date":"February 7, 2025","format":false,"excerpt":"1 January 2025Day is here!YouTube releaseDet Norske Solistkor, Ensemble Allegria, Grete Pedersen, conductor 28 January 2025\u2026and so the day endsStockholm Saxophone Quartet\u00a0Atalante, Gothenburg, 7 pm 6 February 2025\u00a0Breaking the ice,\u00a0from Arktis Arktis!V\u00e4ster\u00e5s Sinfonietta, Tobias Ringborg, conductorV\u00e4ster\u00e5s Concert Hall, V\u00e4ster\u00e5s, Sweden, 7 pm 7 February 2025Silent Earth\u00a0\u2013 release album, Footprint Records\/NaxosSwedish\u2026","rel":"","context":"In &quot;Latest&quot;","block_context":{"text":"Latest","link":"https:\/\/karin-rehnqvist.se\/eng\/category\/latest\/"},"img":{"alt_text":"","src":"https:\/\/i0.wp.com\/karin-rehnqvist.se\/eng\/wp-content\/uploads\/2025\/02\/kvinnoansikte_profilgen_bla.jpg?fit=1200%2C622&ssl=1&resize=350%2C200","width":350,"height":200,"srcset":"https:\/\/i0.wp.com\/karin-rehnqvist.se\/eng\/wp-content\/uploads\/2025\/02\/kvinnoansikte_profilgen_bla.jpg?fit=1200%2C622&ssl=1&resize=350%2C200 1x, https:\/\/i0.wp.com\/karin-rehnqvist.se\/eng\/wp-content\/uploads\/2025\/02\/kvinnoansikte_profilgen_bla.jpg?fit=1200%2C622&ssl=1&resize=525%2C300 1.5x, https:\/\/i0.wp.com\/karin-rehnqvist.se\/eng\/wp-content\/uploads\/2025\/02\/kvinnoansikte_profilgen_bla.jpg?fit=1200%2C622&ssl=1&resize=700%2C400 2x, https:\/\/i0.wp.com\/karin-rehnqvist.se\/eng\/wp-content\/uploads\/2025\/02\/kvinnoansikte_profilgen_bla.jpg?fit=1200%2C622&ssl=1&resize=1050%2C600 3x"},"classes":[]},{"id":1015,"url":"https:\/\/karin-rehnqvist.se\/eng\/chamber-music-voicevoices\/","url_meta":{"origin":977,"position":4},"title":"Chamber music &#038; voice\/voices","author":"admin2","date":"January 25, 2016","format":false,"excerpt":"THE DREAM (2022) for Mezzo-soprano\/ Alto and Cello 12\u2019 Text Rosa Taikon Dedicated to Unni L\u00f8vlid and Marianne Baudouin Lie Svensk Musik Programme note \u00a0| \u00a0Score sample SONGS BETWEEN LIGHT AND DARKNESS \u00a0(2021) \u2013 for two reciters, soprano, alto saxophone, clarinet in Bb (also b.cl) and piano. 16' Text: Gunnar\u2026","rel":"","context":"In &quot;Chamber music &amp; voice&quot;","block_context":{"text":"Chamber music &amp; voice","link":"https:\/\/karin-rehnqvist.se\/eng\/category\/complete-worklist\/chamber-music-voice\/"},"img":{"alt_text":"","src":"https:\/\/i0.wp.com\/karin-rehnqvist.se\/eng\/wp-content\/uploads\/2015\/06\/KR-noter_chamber-voice.jpg?fit=900%2C659&ssl=1&resize=350%2C200","width":350,"height":200,"srcset":"https:\/\/i0.wp.com\/karin-rehnqvist.se\/eng\/wp-content\/uploads\/2015\/06\/KR-noter_chamber-voice.jpg?fit=900%2C659&ssl=1&resize=350%2C200 1x, https:\/\/i0.wp.com\/karin-rehnqvist.se\/eng\/wp-content\/uploads\/2015\/06\/KR-noter_chamber-voice.jpg?fit=900%2C659&ssl=1&resize=525%2C300 1.5x, https:\/\/i0.wp.com\/karin-rehnqvist.se\/eng\/wp-content\/uploads\/2015\/06\/KR-noter_chamber-voice.jpg?fit=900%2C659&ssl=1&resize=700%2C400 2x"},"classes":[]},{"id":1415,"url":"https:\/\/karin-rehnqvist.se\/eng\/rehnqvist-festival-with-17-works\/","url_meta":{"origin":977,"position":5},"title":"Rehnqvist festival with 17 works","author":"admin2","date":"February 23, 2017","format":false,"excerpt":"In Troms\u00f8, Norway, Karin Rehnqvist is Composer In Residence at 'the arctic university of Norway', University of Troms\u00f8, up in the North. During the last week of February (20\u201326 Feb) there will be lots of seminars and workshops, rehearsal sessions \u2013 and concerts at The Faculty of Fine Arts. 17\u2026","rel":"","context":"In &quot;Notes&quot;","block_context":{"text":"Notes","link":"https:\/\/karin-rehnqvist.se\/eng\/category\/notes\/"},"img":{"alt_text":"","src":"https:\/\/i0.wp.com\/karin-rehnqvist.se\/eng\/wp-content\/uploads\/2017\/02\/Troms%C3%B8_Rehnqvist.jpg?fit=1134%2C668&ssl=1&resize=350%2C200","width":350,"height":200,"srcset":"https:\/\/i0.wp.com\/karin-rehnqvist.se\/eng\/wp-content\/uploads\/2017\/02\/Troms%C3%B8_Rehnqvist.jpg?fit=1134%2C668&ssl=1&resize=350%2C200 1x, https:\/\/i0.wp.com\/karin-rehnqvist.se\/eng\/wp-content\/uploads\/2017\/02\/Troms%C3%B8_Rehnqvist.jpg?fit=1134%2C668&ssl=1&resize=525%2C300 1.5x, https:\/\/i0.wp.com\/karin-rehnqvist.se\/eng\/wp-content\/uploads\/2017\/02\/Troms%C3%B8_Rehnqvist.jpg?fit=1134%2C668&ssl=1&resize=700%2C400 2x, https:\/\/i0.wp.com\/karin-rehnqvist.se\/eng\/wp-content\/uploads\/2017\/02\/Troms%C3%B8_Rehnqvist.jpg?fit=1134%2C668&ssl=1&resize=1050%2C600 3x"},"classes":[]}],"_links":{"self":[{"href":"https:\/\/karin-rehnqvist.se\/eng\/wp-json\/wp\/v2\/posts\/977","targetHints":{"allow":["GET"]}}],"collection":[{"href":"https:\/\/karin-rehnqvist.se\/eng\/wp-json\/wp\/v2\/posts"}],"about":[{"href":"https:\/\/karin-rehnqvist.se\/eng\/wp-json\/wp\/v2\/types\/post"}],"author":[{"embeddable":true,"href":"https:\/\/karin-rehnqvist.se\/eng\/wp-json\/wp\/v2\/users\/1"}],"replies":[{"embeddable":true,"href":"https:\/\/karin-rehnqvist.se\/eng\/wp-json\/wp\/v2\/comments?post=977"}],"version-history":[{"count":4,"href":"https:\/\/karin-rehnqvist.se\/eng\/wp-json\/wp\/v2\/posts\/977\/revisions"}],"predecessor-version":[{"id":981,"href":"https:\/\/karin-rehnqvist.se\/eng\/wp-json\/wp\/v2\/posts\/977\/revisions\/981"}],"wp:featuredmedia":[{"embeddable":true,"href":"https:\/\/karin-rehnqvist.se\/eng\/wp-json\/wp\/v2\/media\/1158"}],"wp:attachment":[{"href":"https:\/\/karin-rehnqvist.se\/eng\/wp-json\/wp\/v2\/media?parent=977"}],"wp:term":[{"taxonomy":"category","embeddable":true,"href":"https:\/\/karin-rehnqvist.se\/eng\/wp-json\/wp\/v2\/categories?post=977"},{"taxonomy":"post_tag","embeddable":true,"href":"https:\/\/karin-rehnqvist.se\/eng\/wp-json\/wp\/v2\/tags?post=977"}],"curies":[{"name":"wp","href":"https:\/\/api.w.org\/{rel}","templated":true}]}}