{"id":945,"date":"2016-01-20T12:40:12","date_gmt":"2016-01-20T11:40:12","guid":{"rendered":"http:\/\/karin-rehnqvist.se\/eng\/?p=945"},"modified":"2021-09-21T16:25:32","modified_gmt":"2021-09-21T15:25:32","slug":"i-begin-in-the-depths-of-the-water-says","status":"publish","type":"post","link":"https:\/\/karin-rehnqvist.se\/eng\/i-begin-in-the-depths-of-the-water-says\/","title":{"rendered":"I begin in the depths of the water, says,"},"content":{"rendered":"<p class=\"f-fp\">&nbsp;<\/p>\n<p class=\"f-fp\" style=\"padding-left: 160px;\">I begin in the depths of the water, says,<\/p>\n<p style=\"padding-left: 160px;\">I begin where the primordial sounds forth, says,<\/p>\n<p style=\"padding-left: 160px;\">What is of value is the ceremony says,<\/p>\n<p style=\"padding-left: 160px;\">what is of value is gold, says<\/p>\n<p style=\"padding-left: 160px;\">I am a woman who looks into the insides of<\/p>\n<p style=\"padding-left: 160px;\">things and<\/p>\n<p style=\"padding-left: 160px;\">investigates, says,<\/p>\n<p style=\"padding-left: 160px;\">The tracks of the feet, says<\/p>\n<p style=\"padding-left: 160px;\">The path of sap and dew says<\/p>\n<p style=\"padding-left: 160px;\">In this way it is taught to the children, says<\/p>\n<p style=\"padding-left: 160px;\">In this way is taught to our people, says<\/p>\n<p style=\"padding-left: 160px;\">It is health and life, says<\/p>\n<p style=\"padding-left: 160px;\">We don&#8217;t want to break our bonds and our root,<\/p>\n<p style=\"padding-left: 160px;\">says<\/p>\n<p style=\"padding-left: 160px;\">Root of sap and of dew, says<\/p>\n<p style=\"padding-left: 160px;\">Root of greeness and clarity<\/p>\n<p>&nbsp;<\/p>\n<p class=\"brodtextNotis\" lang=\"sv\"><em>\u2013 Maria Sabina, Mexican schaman<\/em><br \/>\n<em> English translation: Henry Munn<\/em><\/p>\n<p class=\"brodtextNotis\" lang=\"sv\">&nbsp;<\/p>\n","protected":false},"excerpt":{"rendered":"<p>&nbsp; I begin in the depths of the water, says, I begin where the primordial sounds forth, says, What is of value is <\/p>\n","protected":false},"author":1,"featured_media":160,"comment_status":"closed","ping_status":"open","sticky":false,"template":"","format":"standard","meta":{"ngg_post_thumbnail":0,"jetpack_post_was_ever_published":false,"_jetpack_newsletter_access":"","_jetpack_dont_email_post_to_subs":false,"_jetpack_newsletter_tier_id":0,"_jetpack_memberships_contains_paywalled_content":false,"_jetpack_memberships_contains_paid_content":false,"footnotes":"","jetpack_publicize_message":"","jetpack_publicize_feature_enabled":true,"jetpack_social_post_already_shared":true,"jetpack_social_options":{"image_generator_settings":{"template":"highway","default_image_id":0,"font":"","enabled":false},"version":2}},"categories":[3],"tags":[],"class_list":["post-945","post","type-post","status-publish","format-standard","has-post-thumbnail","hentry","category-misc"],"jetpack_publicize_connections":[],"jetpack_featured_media_url":"https:\/\/i0.wp.com\/karin-rehnqvist.se\/eng\/wp-content\/uploads\/2014\/06\/swish.jpg?fit=5616%2C3744&ssl=1","jetpack_sharing_enabled":true,"jetpack_shortlink":"https:\/\/wp.me\/p79arM-ff","jetpack-related-posts":[{"id":2069,"url":"https:\/\/karin-rehnqvist.se\/eng\/premiere-of-a-new-choral-suite\/","url_meta":{"origin":945,"position":0},"title":"Premi\u00e8re of a new choral suite","author":"admin2","date":"February 16, 2021","format":false,"excerpt":"On March 27, 2021, there will be a pr\u00e8miere of a new suite with three pieces for choir by Karin Rehnqvist \u2013 Time is calling to you! The performance is done during the festival Svensk Musikv\u00e5r in the concert hall Musikaliska, Stockholm. Participating in the world premi\u00e8re are Gustaf Sj\u00f6kvist's\u2026","rel":"","context":"In &quot;Latest&quot;","block_context":{"text":"Latest","link":"https:\/\/karin-rehnqvist.se\/eng\/category\/latest\/"},"img":{"alt_text":"","src":"https:\/\/i0.wp.com\/karin-rehnqvist.se\/eng\/wp-content\/uploads\/2021\/02\/Tiden-ropar_svit-KR_3.jpg?fit=1200%2C671&ssl=1&resize=350%2C200","width":350,"height":200,"srcset":"https:\/\/i0.wp.com\/karin-rehnqvist.se\/eng\/wp-content\/uploads\/2021\/02\/Tiden-ropar_svit-KR_3.jpg?fit=1200%2C671&ssl=1&resize=350%2C200 1x, https:\/\/i0.wp.com\/karin-rehnqvist.se\/eng\/wp-content\/uploads\/2021\/02\/Tiden-ropar_svit-KR_3.jpg?fit=1200%2C671&ssl=1&resize=525%2C300 1.5x, https:\/\/i0.wp.com\/karin-rehnqvist.se\/eng\/wp-content\/uploads\/2021\/02\/Tiden-ropar_svit-KR_3.jpg?fit=1200%2C671&ssl=1&resize=700%2C400 2x, https:\/\/i0.wp.com\/karin-rehnqvist.se\/eng\/wp-content\/uploads\/2021\/02\/Tiden-ropar_svit-KR_3.jpg?fit=1200%2C671&ssl=1&resize=1050%2C600 3x"},"classes":[]},{"id":2121,"url":"https:\/\/karin-rehnqvist.se\/eng\/premiere-of-a-new-piece-night-chant\/","url_meta":{"origin":945,"position":1},"title":"Premiere of a new piece \u2013 Night Chant","author":"admin2","date":"August 28, 2021","format":false,"excerpt":"Then maybe it's time for the premiere of a Karin Rehnqvist new piece from 2021: Musik i natten\/ Night Chant. The premiere with the chamber music ensemble Norrbotten NEO was first planned for the Swedish Music Spring festival, Stockholm, in March 2021. It was canceled. The next opportunity for Norrbotten\u2026","rel":"","context":"In &quot;Latest&quot;","block_context":{"text":"Latest","link":"https:\/\/karin-rehnqvist.se\/eng\/category\/latest\/"},"img":{"alt_text":"","src":"https:\/\/i0.wp.com\/karin-rehnqvist.se\/eng\/wp-content\/uploads\/2021\/08\/musik-i-natten2-.jpg?fit=1200%2C755&ssl=1&resize=350%2C200","width":350,"height":200,"srcset":"https:\/\/i0.wp.com\/karin-rehnqvist.se\/eng\/wp-content\/uploads\/2021\/08\/musik-i-natten2-.jpg?fit=1200%2C755&ssl=1&resize=350%2C200 1x, https:\/\/i0.wp.com\/karin-rehnqvist.se\/eng\/wp-content\/uploads\/2021\/08\/musik-i-natten2-.jpg?fit=1200%2C755&ssl=1&resize=525%2C300 1.5x, https:\/\/i0.wp.com\/karin-rehnqvist.se\/eng\/wp-content\/uploads\/2021\/08\/musik-i-natten2-.jpg?fit=1200%2C755&ssl=1&resize=700%2C400 2x, https:\/\/i0.wp.com\/karin-rehnqvist.se\/eng\/wp-content\/uploads\/2021\/08\/musik-i-natten2-.jpg?fit=1200%2C755&ssl=1&resize=1050%2C600 3x"},"classes":[]},{"id":1511,"url":"https:\/\/karin-rehnqvist.se\/eng\/honorable-music-publisher-award-to-karin\/","url_meta":{"origin":945,"position":2},"title":"Honorable music publisher award to Karin","author":"admin2","date":"November 5, 2017","format":false,"excerpt":"The Swedish Music Publishers Association (Musikf\u00f6rl\u00e4ggarna) has awarded Karin Rehnqvist their special prize 2017. Motivation of the jury: She is our bridge from the whispers of the poets to the call of the cattle girl, our path from the dawn of story to the tonalities of today. She is our\u2026","rel":"","context":"In &quot;Notes&quot;","block_context":{"text":"Notes","link":"https:\/\/karin-rehnqvist.se\/eng\/category\/notes\/"},"img":{"alt_text":"","src":"https:\/\/i0.wp.com\/karin-rehnqvist.se\/eng\/wp-content\/uploads\/2017\/11\/KarinRehnqvist2B_breddglasskulpt_fotoES.jpg?fit=1200%2C691&ssl=1&resize=350%2C200","width":350,"height":200,"srcset":"https:\/\/i0.wp.com\/karin-rehnqvist.se\/eng\/wp-content\/uploads\/2017\/11\/KarinRehnqvist2B_breddglasskulpt_fotoES.jpg?fit=1200%2C691&ssl=1&resize=350%2C200 1x, https:\/\/i0.wp.com\/karin-rehnqvist.se\/eng\/wp-content\/uploads\/2017\/11\/KarinRehnqvist2B_breddglasskulpt_fotoES.jpg?fit=1200%2C691&ssl=1&resize=525%2C300 1.5x, https:\/\/i0.wp.com\/karin-rehnqvist.se\/eng\/wp-content\/uploads\/2017\/11\/KarinRehnqvist2B_breddglasskulpt_fotoES.jpg?fit=1200%2C691&ssl=1&resize=700%2C400 2x, https:\/\/i0.wp.com\/karin-rehnqvist.se\/eng\/wp-content\/uploads\/2017\/11\/KarinRehnqvist2B_breddglasskulpt_fotoES.jpg?fit=1200%2C691&ssl=1&resize=1050%2C600 3x"},"classes":[]},{"id":1103,"url":"https:\/\/karin-rehnqvist.se\/eng\/ock-av-tornen-and-also-thorns\/","url_meta":{"origin":945,"position":3},"title":"OCK AV T\u00d6RNEN\u00a0\u00a0 (\u2026AND ALSO THORNS)","author":"admin2","date":"January 28, 2016","format":false,"excerpt":"\u2013 lament for saxophone quartet and female voice \u00a0 \u2013 Klagos\u00e5ng \/Lament; ca 7,5 min \u2013 Jag lyfter blicken\/ I lift up my eyes to you; ca 4 min \u2013 M\u00e5ste ock av t\u00f6rnen vara\/\u2026and also thorns; ca 4 min \u2013 R\u00e4dda mig ur dyn\/ Rescue me from the Mire;\u2026","rel":"","context":"In &quot;Programme notes&quot;","block_context":{"text":"Programme notes","link":"https:\/\/karin-rehnqvist.se\/eng\/category\/programme-notes\/"},"img":{"alt_text":"","src":"","width":0,"height":0},"classes":[]},{"id":1679,"url":"https:\/\/karin-rehnqvist.se\/eng\/songs-from-the-north-with-inuit-poems\/","url_meta":{"origin":945,"position":4},"title":"Songs From The North with Inuit poems","author":"admin2","date":"October 13, 2018","format":false,"excerpt":"Karin Rehnqvist composed this piece for soloists and choir \u2013 Songs From The North \u2013 for the chamber chorus Sacred and Profane in Berkeley, USA (started in 1977). The lyrics are Inuit poems, and are sung both in English and Swedish: Do not wait for the dawn \u2013 V\u00e4nta aldrig\u2026","rel":"","context":"In &quot;Notes&quot;","block_context":{"text":"Notes","link":"https:\/\/karin-rehnqvist.se\/eng\/category\/notes\/"},"img":{"alt_text":"","src":"https:\/\/i0.wp.com\/karin-rehnqvist.se\/eng\/wp-content\/uploads\/2018\/10\/inuit_vinter.jpg?fit=1200%2C674&ssl=1&resize=350%2C200","width":350,"height":200,"srcset":"https:\/\/i0.wp.com\/karin-rehnqvist.se\/eng\/wp-content\/uploads\/2018\/10\/inuit_vinter.jpg?fit=1200%2C674&ssl=1&resize=350%2C200 1x, https:\/\/i0.wp.com\/karin-rehnqvist.se\/eng\/wp-content\/uploads\/2018\/10\/inuit_vinter.jpg?fit=1200%2C674&ssl=1&resize=525%2C300 1.5x, https:\/\/i0.wp.com\/karin-rehnqvist.se\/eng\/wp-content\/uploads\/2018\/10\/inuit_vinter.jpg?fit=1200%2C674&ssl=1&resize=700%2C400 2x, https:\/\/i0.wp.com\/karin-rehnqvist.se\/eng\/wp-content\/uploads\/2018\/10\/inuit_vinter.jpg?fit=1200%2C674&ssl=1&resize=1050%2C600 3x"},"classes":[]},{"id":1949,"url":"https:\/\/karin-rehnqvist.se\/eng\/the-expression-should-be-strong\/","url_meta":{"origin":945,"position":5},"title":"\u2013 The expression should be strong","author":"admin2","date":"December 12, 2019","format":false,"excerpt":"December 2019: Karin Rehnqvist is the composer of the month at Gehrman's music publishing company, Sweden. Here's how she is presented:Karin Rehnqvist's music moves in the borderland between folk and art music. She has integrated the ancient female singing technique called kulning into a personal tone language that gave birth\u2026","rel":"","context":"In &quot;Latest&quot;","block_context":{"text":"Latest","link":"https:\/\/karin-rehnqvist.se\/eng\/category\/latest\/"},"img":{"alt_text":"","src":"https:\/\/i0.wp.com\/karin-rehnqvist.se\/eng\/wp-content\/uploads\/2019\/12\/Karin-Rehnqvist-2019_459D_low-scaled.jpg?fit=1200%2C1200&ssl=1&resize=350%2C200","width":350,"height":200,"srcset":"https:\/\/i0.wp.com\/karin-rehnqvist.se\/eng\/wp-content\/uploads\/2019\/12\/Karin-Rehnqvist-2019_459D_low-scaled.jpg?fit=1200%2C1200&ssl=1&resize=350%2C200 1x, https:\/\/i0.wp.com\/karin-rehnqvist.se\/eng\/wp-content\/uploads\/2019\/12\/Karin-Rehnqvist-2019_459D_low-scaled.jpg?fit=1200%2C1200&ssl=1&resize=525%2C300 1.5x, https:\/\/i0.wp.com\/karin-rehnqvist.se\/eng\/wp-content\/uploads\/2019\/12\/Karin-Rehnqvist-2019_459D_low-scaled.jpg?fit=1200%2C1200&ssl=1&resize=700%2C400 2x, https:\/\/i0.wp.com\/karin-rehnqvist.se\/eng\/wp-content\/uploads\/2019\/12\/Karin-Rehnqvist-2019_459D_low-scaled.jpg?fit=1200%2C1200&ssl=1&resize=1050%2C600 3x"},"classes":[]}],"_links":{"self":[{"href":"https:\/\/karin-rehnqvist.se\/eng\/wp-json\/wp\/v2\/posts\/945","targetHints":{"allow":["GET"]}}],"collection":[{"href":"https:\/\/karin-rehnqvist.se\/eng\/wp-json\/wp\/v2\/posts"}],"about":[{"href":"https:\/\/karin-rehnqvist.se\/eng\/wp-json\/wp\/v2\/types\/post"}],"author":[{"embeddable":true,"href":"https:\/\/karin-rehnqvist.se\/eng\/wp-json\/wp\/v2\/users\/1"}],"replies":[{"embeddable":true,"href":"https:\/\/karin-rehnqvist.se\/eng\/wp-json\/wp\/v2\/comments?post=945"}],"version-history":[{"count":8,"href":"https:\/\/karin-rehnqvist.se\/eng\/wp-json\/wp\/v2\/posts\/945\/revisions"}],"predecessor-version":[{"id":2231,"href":"https:\/\/karin-rehnqvist.se\/eng\/wp-json\/wp\/v2\/posts\/945\/revisions\/2231"}],"wp:featuredmedia":[{"embeddable":true,"href":"https:\/\/karin-rehnqvist.se\/eng\/wp-json\/wp\/v2\/media\/160"}],"wp:attachment":[{"href":"https:\/\/karin-rehnqvist.se\/eng\/wp-json\/wp\/v2\/media?parent=945"}],"wp:term":[{"taxonomy":"category","embeddable":true,"href":"https:\/\/karin-rehnqvist.se\/eng\/wp-json\/wp\/v2\/categories?post=945"},{"taxonomy":"post_tag","embeddable":true,"href":"https:\/\/karin-rehnqvist.se\/eng\/wp-json\/wp\/v2\/tags?post=945"}],"curies":[{"name":"wp","href":"https:\/\/api.w.org\/{rel}","templated":true}]}}