{"id":3804,"date":"2025-04-10T13:51:07","date_gmt":"2025-04-10T12:51:07","guid":{"rendered":"https:\/\/karin-rehnqvist.se\/eng\/?p=3804"},"modified":"2025-07-31T17:35:17","modified_gmt":"2025-07-31T16:35:17","slug":"take-the-milky-way","status":"publish","type":"post","link":"https:\/\/karin-rehnqvist.se\/eng\/take-the-milky-way\/","title":{"rendered":"TAKE THE MILKY WAY"},"content":{"rendered":"\n<p>Karin Rehnqvist: TAKE THE MILKY WAY (2024)<br>for mixed choir, baroque orchestra and audience ad libitum<br>Poem by Kerstin Perski, specially written for this piece<br>Duration ca 14 min<\/p>\n\n\n\n<p>Movements<\/p>\n\n\n\n<ol class=\"wp-block-list\">\n<li>Invisible threads<\/li>\n\n\n\n<li>Rush<br><em>Black hole interlude<\/em><\/li>\n\n\n\n<li>Reach out your hand<\/li>\n\n\n\n<li>And the journey continues<\/li>\n<\/ol>\n\n\n\n<p>The first movement paints a dark picture of our age.<br>Scattered and bleeding, we humans float in a void.<br>But invisible ties still bind us \u2013 ties of mutual dependence.<br>If you stumble, far away I feel it too.<br>The music conjures dramatic desolation in mostly dark timbres, with an oboe and choir taking the main part in turns.<br>Where is any hope for something better? What can we do?<\/p>\n\n\n\n<p>The second movement is a protest song, a battle cry.<br>It is a pacy, rhythmic, pentatonic movement for choir, amped up by fast, energetic runs on the organ.<br>We must do something! Do the impossible!<br>Take the milky way \/ Rush \/ past the point of no return<br>Defy Venus \/ Evade the mass of Jupiter<br>At full speed and without warning, the voices break off. We land in an organ interlude: the black hole interlude.<br>Reach out your hand \u2013 the third movement calls to everyone.<br>Pull the fallen from the enervating black hole. Free the light.<br>Do the impossible!<br>Then suddenly the music opens out and pauses on two notes: one very high, one very low. An unexpected quiet descends.<br>And in the fourth movement, we continue our voyage through the unknown.<br>Cautiously. Feeling our way. Together.<\/p>\n\n\n\n<p><em>Karin Rehnqvist, December 9, 2024 (translated to English by Robin Blanton)<\/em><\/p>\n\n\n\n<p><em>Take the Milky Way<\/em> was commissioned by Helsinki Chamber Choir for their 20th anniversary. World premiere 26 April 2025 in Helsinki Music Centre<\/p>\n\n\n\n<hr class=\"wp-block-separator has-alpha-channel-opacity\"\/>\n\n\n\n<p>shattered<br>dispersed<br>stars fading<br>one by one<br>in empty space<\/p>\n\n\n\n<p>invisible threads<br>tying one to the other<\/p>\n\n\n\n<p>A sudden stumble<br>another one falls<br>light-years away<\/p>\n\n\n\n<p>Take the milky way<br>Rush<br>past the point of no return<br>Defy Venus<br>Evade the mass of Jupiter<\/p>\n\n\n\n<p>Reach out your hand<br>pull the fallen<br>free the light<br>from the black hole<\/p>\n\n\n\n<p>and the journey continues<br>together<br>through the unknown<br><br>               <em>Kerstin Perski 2024<\/em><br><br><\/p>\n\n\n\n<p><\/p>\n","protected":false},"excerpt":{"rendered":"<p>Karin Rehnqvist: TAKE THE MILKY WAY (2024)for mixed choir, baroque orchestra and audience ad libitumPoem by Kerstin Perski, specially written for this pieceDuration <\/p>\n","protected":false},"author":1,"featured_media":2253,"comment_status":"closed","ping_status":"open","sticky":false,"template":"","format":"standard","meta":{"ngg_post_thumbnail":0,"jetpack_post_was_ever_published":false,"_jetpack_newsletter_access":"","_jetpack_dont_email_post_to_subs":false,"_jetpack_newsletter_tier_id":0,"_jetpack_memberships_contains_paywalled_content":false,"_jetpack_memberships_contains_paid_content":false,"footnotes":"","jetpack_publicize_message":"","jetpack_publicize_feature_enabled":true,"jetpack_social_post_already_shared":true,"jetpack_social_options":{"image_generator_settings":{"template":"highway","default_image_id":0,"font":"","enabled":false},"version":2}},"categories":[22],"tags":[],"class_list":["post-3804","post","type-post","status-publish","format-standard","has-post-thumbnail","hentry","category-programme-notes"],"jetpack_publicize_connections":[],"jetpack_featured_media_url":"https:\/\/i0.wp.com\/karin-rehnqvist.se\/eng\/wp-content\/uploads\/2021\/09\/programme-note_cirkel_3A.png?fit=576%2C358&ssl=1","jetpack_sharing_enabled":true,"jetpack_shortlink":"https:\/\/wp.me\/p79arM-Zm","jetpack-related-posts":[{"id":3808,"url":"https:\/\/karin-rehnqvist.se\/eng\/world-premiere-of-take-the-milky-way-in-helsinki\/","url_meta":{"origin":3804,"position":0},"title":"World premiere of Take the Milky Way in Helsinki","author":"admin2","date":"April 10, 2025","format":false,"excerpt":"A new choral work by Karin Rehnqvist for mixed choir, baroque orchestra and ad libitum audience will be heard on April 26 in Helsinki. The piece is called Take the Milky Way. Four movements, with lyrics by Kerstin Perski. The world premiere will be performed by the Helsinki Chamber Choir\u2026","rel":"","context":"In &quot;Latest&quot;","block_context":{"text":"Latest","link":"https:\/\/karin-rehnqvist.se\/eng\/category\/latest\/"},"img":{"alt_text":"","src":"https:\/\/i0.wp.com\/karin-rehnqvist.se\/eng\/wp-content\/uploads\/2025\/04\/HKK-PromoVintergatan_2.jpg?fit=1200%2C778&ssl=1&resize=350%2C200","width":350,"height":200,"srcset":"https:\/\/i0.wp.com\/karin-rehnqvist.se\/eng\/wp-content\/uploads\/2025\/04\/HKK-PromoVintergatan_2.jpg?fit=1200%2C778&ssl=1&resize=350%2C200 1x, https:\/\/i0.wp.com\/karin-rehnqvist.se\/eng\/wp-content\/uploads\/2025\/04\/HKK-PromoVintergatan_2.jpg?fit=1200%2C778&ssl=1&resize=525%2C300 1.5x, https:\/\/i0.wp.com\/karin-rehnqvist.se\/eng\/wp-content\/uploads\/2025\/04\/HKK-PromoVintergatan_2.jpg?fit=1200%2C778&ssl=1&resize=700%2C400 2x, https:\/\/i0.wp.com\/karin-rehnqvist.se\/eng\/wp-content\/uploads\/2025\/04\/HKK-PromoVintergatan_2.jpg?fit=1200%2C778&ssl=1&resize=1050%2C600 3x"},"classes":[]},{"id":4058,"url":"https:\/\/karin-rehnqvist.se\/eng\/music-publishers-association-prize-for-take-the-milky-way\/","url_meta":{"origin":3804,"position":1},"title":"Music Publishers Association Prize for Take the Milky Way","author":"admin2","date":"November 18, 2025","format":false,"excerpt":"Karin Rehnqvist has been awarded\u00a0Musikf\u00f6rl\u00e4ggarna\u00a0the Swedish Music Publishers Association Prize 2025 for her composition Take the Milky Way, for mixed choir and baroque orchestra The\u00a0award\u00a0ceremony\u00a0took\u00a0place\u00a0in\u00a0Stockholm\u00a0on\u00a07\u00a0November, 2025. Prize justifcation \u2013 In Take the Milky Way we move away from the earth into desolate darkness where we join forces in a song\u2026","rel":"","context":"In &quot;Latest&quot;","block_context":{"text":"Latest","link":"https:\/\/karin-rehnqvist.se\/eng\/category\/latest\/"},"img":{"alt_text":"","src":"https:\/\/i0.wp.com\/karin-rehnqvist.se\/eng\/wp-content\/uploads\/2025\/11\/Karin-Rehnqvist-Musikforlaggarnas-pris-2025_2.jpg?fit=1200%2C867&ssl=1&resize=350%2C200","width":350,"height":200,"srcset":"https:\/\/i0.wp.com\/karin-rehnqvist.se\/eng\/wp-content\/uploads\/2025\/11\/Karin-Rehnqvist-Musikforlaggarnas-pris-2025_2.jpg?fit=1200%2C867&ssl=1&resize=350%2C200 1x, https:\/\/i0.wp.com\/karin-rehnqvist.se\/eng\/wp-content\/uploads\/2025\/11\/Karin-Rehnqvist-Musikforlaggarnas-pris-2025_2.jpg?fit=1200%2C867&ssl=1&resize=525%2C300 1.5x, https:\/\/i0.wp.com\/karin-rehnqvist.se\/eng\/wp-content\/uploads\/2025\/11\/Karin-Rehnqvist-Musikforlaggarnas-pris-2025_2.jpg?fit=1200%2C867&ssl=1&resize=700%2C400 2x, https:\/\/i0.wp.com\/karin-rehnqvist.se\/eng\/wp-content\/uploads\/2025\/11\/Karin-Rehnqvist-Musikforlaggarnas-pris-2025_2.jpg?fit=1200%2C867&ssl=1&resize=1050%2C600 3x"},"classes":[]},{"id":2562,"url":"https:\/\/karin-rehnqvist.se\/eng\/the-composers-appreciated-eulogy\/","url_meta":{"origin":3804,"position":2},"title":"The composer&#8217;s appreciated eulogy","author":"admin2","date":"November 4, 2022","format":false,"excerpt":"Karin Rehnqvist's acceptance speech after being awarded the Nordic Council's Music Prize 2022 for the choral and orchestral work Silent Earth at the prize gala in Musikhuset, Helsinki, on 1 November. Astronomers calculate that there are 2000 billion galaxies in the universe.That's 2000 plus twelve zeros. There are a lot\u2026","rel":"","context":"In &quot;Latest&quot;","block_context":{"text":"Latest","link":"https:\/\/karin-rehnqvist.se\/eng\/category\/latest\/"},"img":{"alt_text":"","src":"https:\/\/i0.wp.com\/karin-rehnqvist.se\/eng\/wp-content\/uploads\/2022\/11\/KR_tack_Nordradet22eng-text.jpg?fit=1200%2C840&ssl=1&resize=350%2C200","width":350,"height":200,"srcset":"https:\/\/i0.wp.com\/karin-rehnqvist.se\/eng\/wp-content\/uploads\/2022\/11\/KR_tack_Nordradet22eng-text.jpg?fit=1200%2C840&ssl=1&resize=350%2C200 1x, https:\/\/i0.wp.com\/karin-rehnqvist.se\/eng\/wp-content\/uploads\/2022\/11\/KR_tack_Nordradet22eng-text.jpg?fit=1200%2C840&ssl=1&resize=525%2C300 1.5x, https:\/\/i0.wp.com\/karin-rehnqvist.se\/eng\/wp-content\/uploads\/2022\/11\/KR_tack_Nordradet22eng-text.jpg?fit=1200%2C840&ssl=1&resize=700%2C400 2x, https:\/\/i0.wp.com\/karin-rehnqvist.se\/eng\/wp-content\/uploads\/2022\/11\/KR_tack_Nordradet22eng-text.jpg?fit=1200%2C840&ssl=1&resize=1050%2C600 3x"},"classes":[]},{"id":3702,"url":"https:\/\/karin-rehnqvist.se\/eng\/spring-2025\/","url_meta":{"origin":3804,"position":3},"title":"Spring 2025","author":"admin2","date":"February 7, 2025","format":false,"excerpt":"1 January 2025Day is here!YouTube releaseDet Norske Solistkor, Ensemble Allegria, Grete Pedersen, conductor 28 January 2025\u2026and so the day endsStockholm Saxophone Quartet\u00a0Atalante, Gothenburg, 7 pm 6 February 2025\u00a0Breaking the ice,\u00a0from Arktis Arktis!V\u00e4ster\u00e5s Sinfonietta, Tobias Ringborg, conductorV\u00e4ster\u00e5s Concert Hall, V\u00e4ster\u00e5s, Sweden, 7 pm 7 February 2025Silent Earth\u00a0\u2013 release album, Footprint Records\/NaxosSwedish\u2026","rel":"","context":"In &quot;Latest&quot;","block_context":{"text":"Latest","link":"https:\/\/karin-rehnqvist.se\/eng\/category\/latest\/"},"img":{"alt_text":"","src":"https:\/\/i0.wp.com\/karin-rehnqvist.se\/eng\/wp-content\/uploads\/2025\/02\/kvinnoansikte_profilgen_bla.jpg?fit=1200%2C622&ssl=1&resize=350%2C200","width":350,"height":200,"srcset":"https:\/\/i0.wp.com\/karin-rehnqvist.se\/eng\/wp-content\/uploads\/2025\/02\/kvinnoansikte_profilgen_bla.jpg?fit=1200%2C622&ssl=1&resize=350%2C200 1x, https:\/\/i0.wp.com\/karin-rehnqvist.se\/eng\/wp-content\/uploads\/2025\/02\/kvinnoansikte_profilgen_bla.jpg?fit=1200%2C622&ssl=1&resize=525%2C300 1.5x, https:\/\/i0.wp.com\/karin-rehnqvist.se\/eng\/wp-content\/uploads\/2025\/02\/kvinnoansikte_profilgen_bla.jpg?fit=1200%2C622&ssl=1&resize=700%2C400 2x, https:\/\/i0.wp.com\/karin-rehnqvist.se\/eng\/wp-content\/uploads\/2025\/02\/kvinnoansikte_profilgen_bla.jpg?fit=1200%2C622&ssl=1&resize=1050%2C600 3x"},"classes":[]},{"id":1002,"url":"https:\/\/karin-rehnqvist.se\/eng\/chorus-orchestra\/","url_meta":{"origin":3804,"position":4},"title":"Chorus &#038; orchestra","author":"admin2","date":"January 25, 2016","format":false,"excerpt":"DAY IS HERE (2018)for eight solo-voices\/double choir and strings (3, 3, 2, 2, 1). 20\u2032Commissioned by Musica Vitae and Vokalharmonin with support from the Swedish Arts Council.GehrmansListen\u00a0|\u00a0\u00a0Programme note\u00a0|\u00a0\u00a0Score sample TAKE THE MILKY WAY(2025) 14'For mixed choir, baroque orchestra and audience ad lib.Orch: 2 ob, 2 bsn, positive organ (alt. organ\u2026","rel":"","context":"In &quot;Chorus &amp; orchestra&quot;","block_context":{"text":"Chorus &amp; orchestra","link":"https:\/\/karin-rehnqvist.se\/eng\/category\/complete-worklist\/chorus-orchestra\/"},"img":{"alt_text":"","src":"https:\/\/i0.wp.com\/karin-rehnqvist.se\/eng\/wp-content\/uploads\/2015\/06\/KR-noter_choir-orch.jpg?fit=900%2C659&ssl=1&resize=350%2C200","width":350,"height":200,"srcset":"https:\/\/i0.wp.com\/karin-rehnqvist.se\/eng\/wp-content\/uploads\/2015\/06\/KR-noter_choir-orch.jpg?fit=900%2C659&ssl=1&resize=350%2C200 1x, https:\/\/i0.wp.com\/karin-rehnqvist.se\/eng\/wp-content\/uploads\/2015\/06\/KR-noter_choir-orch.jpg?fit=900%2C659&ssl=1&resize=525%2C300 1.5x, https:\/\/i0.wp.com\/karin-rehnqvist.se\/eng\/wp-content\/uploads\/2015\/06\/KR-noter_choir-orch.jpg?fit=900%2C659&ssl=1&resize=700%2C400 2x"},"classes":[]},{"id":4087,"url":"https:\/\/karin-rehnqvist.se\/eng\/spring-2026\/","url_meta":{"origin":3804,"position":5},"title":"Spring 2026","author":"admin2","date":"January 28, 2026","format":false,"excerpt":"17 January 2026WingsLaura Michelin, solo fluteFrontside Festival, Slottsskogsobservatoriet, Gothenburg, 10.30 AM 29 January 2026I Thought the Sea Would Sing to MeNathan Sherman, violaUCD School of Music, Dublin, 1.00 PM 7 February 2026\u00a0\u2013\u00a0World premiereThe Way to Arareko, an opera for childrenA funny, fantastical fairy-tale operaLibretto: Mercedes G\u00f3mez\u00a0Libretto adaptation and direction: Lisbeth\u2026","rel":"","context":"In &quot;Latest&quot;","block_context":{"text":"Latest","link":"https:\/\/karin-rehnqvist.se\/eng\/category\/latest\/"},"img":{"alt_text":"","src":"https:\/\/i0.wp.com\/karin-rehnqvist.se\/eng\/wp-content\/uploads\/2026\/01\/orange-former_vinjett.jpg?fit=1200%2C552&ssl=1&resize=350%2C200","width":350,"height":200,"srcset":"https:\/\/i0.wp.com\/karin-rehnqvist.se\/eng\/wp-content\/uploads\/2026\/01\/orange-former_vinjett.jpg?fit=1200%2C552&ssl=1&resize=350%2C200 1x, https:\/\/i0.wp.com\/karin-rehnqvist.se\/eng\/wp-content\/uploads\/2026\/01\/orange-former_vinjett.jpg?fit=1200%2C552&ssl=1&resize=525%2C300 1.5x, https:\/\/i0.wp.com\/karin-rehnqvist.se\/eng\/wp-content\/uploads\/2026\/01\/orange-former_vinjett.jpg?fit=1200%2C552&ssl=1&resize=700%2C400 2x, https:\/\/i0.wp.com\/karin-rehnqvist.se\/eng\/wp-content\/uploads\/2026\/01\/orange-former_vinjett.jpg?fit=1200%2C552&ssl=1&resize=1050%2C600 3x"},"classes":[]}],"_links":{"self":[{"href":"https:\/\/karin-rehnqvist.se\/eng\/wp-json\/wp\/v2\/posts\/3804","targetHints":{"allow":["GET"]}}],"collection":[{"href":"https:\/\/karin-rehnqvist.se\/eng\/wp-json\/wp\/v2\/posts"}],"about":[{"href":"https:\/\/karin-rehnqvist.se\/eng\/wp-json\/wp\/v2\/types\/post"}],"author":[{"embeddable":true,"href":"https:\/\/karin-rehnqvist.se\/eng\/wp-json\/wp\/v2\/users\/1"}],"replies":[{"embeddable":true,"href":"https:\/\/karin-rehnqvist.se\/eng\/wp-json\/wp\/v2\/comments?post=3804"}],"version-history":[{"count":9,"href":"https:\/\/karin-rehnqvist.se\/eng\/wp-json\/wp\/v2\/posts\/3804\/revisions"}],"predecessor-version":[{"id":3881,"href":"https:\/\/karin-rehnqvist.se\/eng\/wp-json\/wp\/v2\/posts\/3804\/revisions\/3881"}],"wp:featuredmedia":[{"embeddable":true,"href":"https:\/\/karin-rehnqvist.se\/eng\/wp-json\/wp\/v2\/media\/2253"}],"wp:attachment":[{"href":"https:\/\/karin-rehnqvist.se\/eng\/wp-json\/wp\/v2\/media?parent=3804"}],"wp:term":[{"taxonomy":"category","embeddable":true,"href":"https:\/\/karin-rehnqvist.se\/eng\/wp-json\/wp\/v2\/categories?post=3804"},{"taxonomy":"post_tag","embeddable":true,"href":"https:\/\/karin-rehnqvist.se\/eng\/wp-json\/wp\/v2\/tags?post=3804"}],"curies":[{"name":"wp","href":"https:\/\/api.w.org\/{rel}","templated":true}]}}