{"id":3697,"date":"2025-02-07T18:04:17","date_gmt":"2025-02-07T17:04:17","guid":{"rendered":"https:\/\/karin-rehnqvist.se\/eng\/?p=3697"},"modified":"2025-02-14T15:42:04","modified_gmt":"2025-02-14T14:42:04","slug":"album-release-of-silent-earth","status":"publish","type":"post","link":"https:\/\/karin-rehnqvist.se\/eng\/album-release-of-silent-earth\/","title":{"rendered":"Album release of Silent Earth"},"content":{"rendered":"\n<p>The long-awaited release: <strong>Karin Rehnqvist<\/strong>&#8216;s acclaimed work <em>Silent Earth<\/em> is now available for download or streaming. It is a gripping climate oratorio in three movements for mixed choir and symphony orchestra, with lyrics by <strong>Kerstin Perski<\/strong>.<\/p>\n\n\n\n<p>It was for this work that Karin Rehnqvist was awarded the <strong>Nordic Council Music Prize<\/strong> in autumn 2022.<\/p>\n\n\n\n<p>The album <em>Silent Earth<\/em> was released on February 7, 2025, as a recording with the <strong>Swedish Radio Choir<\/strong> and the <strong>Swedish Radio Symphony Orchestra<\/strong>. This was from a concert during the Baltic Sea Festival in August 2022. The Finnish conductor <strong>Dima Slobeniouk<\/strong> led the 150 participants.<\/p>\n\n\n\n<h3 class=\"wp-block-heading\"><br>For downloading\/streaming<\/h3>\n\n\n\n<p>The new album is produced by <strong>Footprint Records<\/strong> and distributed by Naxos.<br>Here is the link for <a href=\"https:\/\/footprintrecords.com\/product\/silent-earth\/\" data-type=\"link\" data-id=\"https:\/\/footprintrecords.com\/product\/silent-earth\/\" target=\"_blank\" rel=\"noreferrer noopener\"><strong>downloading<\/strong> \u203a<\/a><br>including extensive documentation.<\/p>\n\n\n<div class=\"wp-block-image\">\n<figure class=\"alignright size-large is-resized\"><img data-recalc-dims=\"1\" loading=\"lazy\" decoding=\"async\" width=\"640\" height=\"481\" data-attachment-id=\"3724\" data-permalink=\"https:\/\/karin-rehnqvist.se\/eng\/album-release-of-silent-earth\/silent-earth_booklet_omslag_orig_2\/\" data-orig-file=\"https:\/\/i0.wp.com\/karin-rehnqvist.se\/eng\/wp-content\/uploads\/2025\/02\/Silent-Earth_booklet_omslag_orig_2.jpg?fit=1276%2C958&amp;ssl=1\" data-orig-size=\"1276,958\" data-comments-opened=\"0\" data-image-meta=\"{&quot;aperture&quot;:&quot;0&quot;,&quot;credit&quot;:&quot;&quot;,&quot;camera&quot;:&quot;&quot;,&quot;caption&quot;:&quot;&quot;,&quot;created_timestamp&quot;:&quot;0&quot;,&quot;copyright&quot;:&quot;&quot;,&quot;focal_length&quot;:&quot;0&quot;,&quot;iso&quot;:&quot;0&quot;,&quot;shutter_speed&quot;:&quot;0&quot;,&quot;title&quot;:&quot;&quot;,&quot;orientation&quot;:&quot;1&quot;}\" data-image-title=\"Silent Earth_booklet_omslag_orig_2\" data-image-description=\"\" data-image-caption=\"\" data-large-file=\"https:\/\/i0.wp.com\/karin-rehnqvist.se\/eng\/wp-content\/uploads\/2025\/02\/Silent-Earth_booklet_omslag_orig_2.jpg?fit=640%2C481&amp;ssl=1\" src=\"https:\/\/i0.wp.com\/karin-rehnqvist.se\/eng\/wp-content\/uploads\/2025\/02\/Silent-Earth_booklet_omslag_orig_2.jpg?resize=640%2C481&#038;ssl=1\" alt=\"\" class=\"wp-image-3724\" style=\"width:270px;height:auto\" srcset=\"https:\/\/i0.wp.com\/karin-rehnqvist.se\/eng\/wp-content\/uploads\/2025\/02\/Silent-Earth_booklet_omslag_orig_2.jpg?resize=1024%2C769&amp;ssl=1 1024w, https:\/\/i0.wp.com\/karin-rehnqvist.se\/eng\/wp-content\/uploads\/2025\/02\/Silent-Earth_booklet_omslag_orig_2.jpg?resize=400%2C300&amp;ssl=1 400w, https:\/\/i0.wp.com\/karin-rehnqvist.se\/eng\/wp-content\/uploads\/2025\/02\/Silent-Earth_booklet_omslag_orig_2.jpg?resize=600%2C450&amp;ssl=1 600w, https:\/\/i0.wp.com\/karin-rehnqvist.se\/eng\/wp-content\/uploads\/2025\/02\/Silent-Earth_booklet_omslag_orig_2.jpg?resize=320%2C240&amp;ssl=1 320w, https:\/\/i0.wp.com\/karin-rehnqvist.se\/eng\/wp-content\/uploads\/2025\/02\/Silent-Earth_booklet_omslag_orig_2.jpg?w=1276&amp;ssl=1 1276w\" sizes=\"auto, (max-width: 640px) 100vw, 640px\" \/><\/figure>\n<\/div>\n\n\n<h3 class=\"wp-block-heading\">Read more in the album booklet<\/h3>\n\n\n\n<p>16 pages about the creation of the work, lyrics, programme note, and biographies of the composer and the lyricist, the choir, the orchestra and the conductor.<br><strong><a href=\"https:\/\/karin-rehnqvist.se\/eng\/wp-content\/uploads\/2025\/02\/Silent-Earth_booklet_241105_lowres.pdf\" data-type=\"link\" data-id=\"https:\/\/karin-rehnqvist.se\/eng\/wp-content\/uploads\/2025\/02\/Silent-Earth_booklet_241105_lowres.pdf\" target=\"_blank\" rel=\"noreferrer noopener\">Free to download<\/a><\/strong> \u203a<\/p>\n\n\n\n<div class=\"wp-block-cover\"><span aria-hidden=\"true\" class=\"wp-block-cover__background has-background-dim\" style=\"background-color:#775b4d\"><\/span><img data-recalc-dims=\"1\" loading=\"lazy\" decoding=\"async\" width=\"640\" height=\"960\" data-attachment-id=\"3719\" data-permalink=\"https:\/\/karin-rehnqvist.se\/eng\/album-release-of-silent-earth\/4q4a0977_2\/\" data-orig-file=\"https:\/\/i0.wp.com\/karin-rehnqvist.se\/eng\/wp-content\/uploads\/2025\/02\/4Q4A0977_2-scaled.jpg?fit=1707%2C2560&amp;ssl=1\" data-orig-size=\"1707,2560\" data-comments-opened=\"0\" data-image-meta=\"{&quot;aperture&quot;:&quot;8&quot;,&quot;credit&quot;:&quot;Gunilla Landstrom&quot;,&quot;camera&quot;:&quot;Canon EOS R&quot;,&quot;caption&quot;:&quot;&quot;,&quot;created_timestamp&quot;:&quot;1661625740&quot;,&quot;copyright&quot;:&quot;&quot;,&quot;focal_length&quot;:&quot;92&quot;,&quot;iso&quot;:&quot;8000&quot;,&quot;shutter_speed&quot;:&quot;0.00625&quot;,&quot;title&quot;:&quot;&quot;,&quot;orientation&quot;:&quot;1&quot;}\" data-image-title=\"4Q4A0977_2\" data-image-description=\"\" data-image-caption=\"\" data-large-file=\"https:\/\/i0.wp.com\/karin-rehnqvist.se\/eng\/wp-content\/uploads\/2025\/02\/4Q4A0977_2-scaled.jpg?fit=640%2C960&amp;ssl=1\" class=\"wp-block-cover__image-background wp-image-3719\" alt=\"\" src=\"https:\/\/i0.wp.com\/karin-rehnqvist.se\/eng\/wp-content\/uploads\/2025\/02\/4Q4A0977_2-scaled.jpg?resize=640%2C960&#038;ssl=1\" style=\"object-position:49% 33%\" data-object-fit=\"cover\" data-object-position=\"49% 33%\" srcset=\"https:\/\/i0.wp.com\/karin-rehnqvist.se\/eng\/wp-content\/uploads\/2025\/02\/4Q4A0977_2-scaled.jpg?w=1707&amp;ssl=1 1707w, https:\/\/i0.wp.com\/karin-rehnqvist.se\/eng\/wp-content\/uploads\/2025\/02\/4Q4A0977_2-scaled.jpg?resize=267%2C400&amp;ssl=1 267w, https:\/\/i0.wp.com\/karin-rehnqvist.se\/eng\/wp-content\/uploads\/2025\/02\/4Q4A0977_2-scaled.jpg?resize=683%2C1024&amp;ssl=1 683w, https:\/\/i0.wp.com\/karin-rehnqvist.se\/eng\/wp-content\/uploads\/2025\/02\/4Q4A0977_2-scaled.jpg?resize=600%2C900&amp;ssl=1 600w, https:\/\/i0.wp.com\/karin-rehnqvist.se\/eng\/wp-content\/uploads\/2025\/02\/4Q4A0977_2-scaled.jpg?resize=1024%2C1536&amp;ssl=1 1024w, https:\/\/i0.wp.com\/karin-rehnqvist.se\/eng\/wp-content\/uploads\/2025\/02\/4Q4A0977_2-scaled.jpg?resize=1365%2C2048&amp;ssl=1 1365w, https:\/\/i0.wp.com\/karin-rehnqvist.se\/eng\/wp-content\/uploads\/2025\/02\/4Q4A0977_2-scaled.jpg?resize=1320%2C1980&amp;ssl=1 1320w, https:\/\/i0.wp.com\/karin-rehnqvist.se\/eng\/wp-content\/uploads\/2025\/02\/4Q4A0977_2-scaled.jpg?resize=400%2C600&amp;ssl=1 400w\" sizes=\"auto, (max-width: 640px) 100vw, 640px\" \/><div class=\"wp-block-cover__inner-container is-layout-constrained wp-block-cover-is-layout-constrained\">\n<p class=\"has-text-align-center has-large-font-size\">\u2013 This masterpiece by Swedish composer Karin Rehnqvist is a dystopian retrospective of how humanity has plundered this one planet we live on.<\/p>\n<\/div><\/div>\n\n\n\n<h3 class=\"wp-block-heading\">Postponed premieres<\/h3>\n\n\n\n<p><em>Silent Earth<\/em> was composed in 2020, but the planned premieres were postponed until 2022 due to the coronavirus pandemic.<\/p>\n\n\n\n<p>The world premiere took place in the concert series NTR ZaterdagMatinee, with the <strong>Groot Omroepkoor<\/strong> (Netherlands Radio Choir) and the <strong>Radio Filharmonisch Orkest<\/strong> (Netherlands Radio Philharmonic Orchestra) on January 29, 2022, with Dutch conductor <strong>Gijs Leenaars<\/strong>.<\/p>\n\n\n\n<p>At the Baltic Sea Festival on August 26, 2022, <em>Silent Earth<\/em> was performed by the Radio Choir and the Swedish Radio Symphony Orchestra in Berwaldhallen, Stockholm.<\/p>\n\n\n\n<hr class=\"wp-block-separator has-alpha-channel-opacity\"\/>\n\n\n\n<p>Silent Earth is a joint commission by the Eduard van Beinum Stichting, for the NTR ZaterdagMatinee, the concert series in Radio 4 in the Concertgebouw Amsterdam, and the Swedish Radio Symphony Orchestra for the Baltic Sea Festival in Berwaldhallen, Stockholm.<\/p>\n\n\n<div class=\"wp-block-image\">\n<figure class=\"aligncenter size-full\"><img data-recalc-dims=\"1\" loading=\"lazy\" decoding=\"async\" width=\"640\" height=\"409\" data-attachment-id=\"3711\" data-permalink=\"https:\/\/karin-rehnqvist.se\/eng\/album-release-of-silent-earth\/silent-earth-2\/\" data-orig-file=\"https:\/\/i0.wp.com\/karin-rehnqvist.se\/eng\/wp-content\/uploads\/2025\/02\/SilentEarthH2-033_2.jpg?fit=1701%2C1086&amp;ssl=1\" data-orig-size=\"1701,1086\" data-comments-opened=\"0\" data-image-meta=\"{&quot;aperture&quot;:&quot;3.2&quot;,&quot;credit&quot;:&quot;arne@hyckenmedia.se&quot;,&quot;camera&quot;:&quot;X-H2S&quot;,&quot;caption&quot;:&quot;27 aug: Silent Earth\\rSverigepremi\\u00e4r f\\u00f6r Karin Rehnqvists monumentala k\\u00f6r- och orkesterverk om klimatkrisen med text av Kerstin Perski. Dessutom Rachmaninovs m\\u00e4ktiga andra symfoni och Tjajkovskijs vackra Kerubernas-hymn. P\\u00e5 pulten st\\u00e5r den rysk-finske dirigenten Dima Slobodeniouk.\\rKonserten s\\u00e4nds direkt i Sveriges Radio P2 och p\\u00e5 Berwaldhallen Play.\\u2028Karin Rehnqvists k\\u00f6r- och orkesterverk Silent Earth, med texter av Kerstin Perski, behandlar en av v\\u00e5r tids st\\u00f6rsta fr\\u00e5gor, klimatkrisen. I tre gripande satser \\u2013 Silent Earth; We, Who Once Were; The Burning Earth \\u2013 ger Rehnqvist och Perski uttryck f\\u00f6r de dramatiska klimatf\\u00f6r\\u00e4ndringar som v\\u00e5r jord just nu uts\\u00e4tts f\\u00f6r. Verket fick sitt uruppf\\u00f6rande i januari 2022 i Amsterdam och f\\u00e5r h\\u00e4r sin Sverigepremi\\u00e4r. Konserten inleds med Tjajkovskijs musikaliskt skimrande Kerubernas hymn, fr\\u00e5n tons\\u00e4ttarens Sankt Johannes Chrysostomos-liturgi, och allra sist avrundas kv\\u00e4llen med Sergej Rachmaninovs st\\u00e4mningsfyllda andra symfoni. Den rysk-finske dirigenten Dima Slobodeniouk, chefsdirigent f\\u00f6r Orquesta Sinf\\u00f3nica de Galicia, leder Sveriges Radios Symfoniorkester och Radiok\\u00f6ren.\\u2028Medverkande\\u2028Sveriges Radios Symfoniorkester\\r    * \\u2028Malin Broman, konsertm\\u00e4stare\\r    * \\u2028Radiok\\u00f6ren\\r    * \\u2028Dima Slobodeniouk, dirigent\\r* Musiken\\r    * \\u2028PJOTR TJAJKOVSKIJ: Kerubernas hymn, 9 min\\r    * \\u2028KARIN REHNQVIST: Silent Earth, ffg i Sverige, 30 min\\r    * Paus, 20 min\\r    * \\u2028SERGEJ RACHMANINOV: Symfoni nr 2, 55 min\\r    * Ungef\\u00e4rlig konsertl\\u00e4ngd: ca 2 tim (inklusive paus)&quot;,&quot;created_timestamp&quot;:&quot;1661589624&quot;,&quot;copyright&quot;:&quot;Arne Hyckenberg 2022&quot;,&quot;focal_length&quot;:&quot;55&quot;,&quot;iso&quot;:&quot;800&quot;,&quot;shutter_speed&quot;:&quot;0.008&quot;,&quot;title&quot;:&quot;Silent Earth&quot;,&quot;orientation&quot;:&quot;1&quot;}\" data-image-title=\"Silent Earth\" data-image-description=\"\" data-image-caption=\"&lt;p&gt;27 aug: Silent Earth&lt;br \/&gt;\nSverigepremi\u00e4r f\u00f6r Karin Rehnqvists monumentala k\u00f6r- och orkesterverk om klimatkrisen med text av Kerstin Perski. Dessutom Rachmaninovs m\u00e4ktiga andra symfoni och Tjajkovskijs vackra Kerubernas-hymn. P\u00e5 pulten st\u00e5r den rysk-finske dirigenten Dima Slobodeniouk.&lt;br \/&gt;\nKonserten s\u00e4nds direkt i Sveriges Radio P2 och p\u00e5 Berwaldhallen Play.\u2028Karin Rehnqvists k\u00f6r- och orkesterverk Silent Earth, med texter av Kerstin Perski, behandlar en av v\u00e5r tids st\u00f6rsta fr\u00e5gor, klimatkrisen. I tre gripande satser \u2013 Silent Earth; We, Who Once Were; The Burning Earth \u2013 ger Rehnqvist och Perski uttryck f\u00f6r de dramatiska klimatf\u00f6r\u00e4ndringar som v\u00e5r jord just nu uts\u00e4tts f\u00f6r. Verket fick sitt uruppf\u00f6rande i januari 2022 i Amsterdam och f\u00e5r h\u00e4r sin Sverigepremi\u00e4r. Konserten inleds med Tjajkovskijs musikaliskt skimrande Kerubernas hymn, fr\u00e5n tons\u00e4ttarens Sankt Johannes Chrysostomos-liturgi, och allra sist avrundas kv\u00e4llen med Sergej Rachmaninovs st\u00e4mningsfyllda andra symfoni. Den rysk-finske dirigenten Dima Slobodeniouk, chefsdirigent f\u00f6r Orquesta Sinf\u00f3nica de Galicia, leder Sveriges Radios Symfoniorkester och Radiok\u00f6ren.\u2028Medverkande\u2028Sveriges Radios Symfoniorkester&lt;br \/&gt;\n    * \u2028Malin Broman, konsertm\u00e4stare&lt;br \/&gt;\n    * \u2028Radiok\u00f6ren&lt;br \/&gt;\n    * \u2028Dima Slobodeniouk, dirigent&lt;br \/&gt;\n* Musiken&lt;br \/&gt;\n    * \u2028PJOTR TJAJKOVSKIJ: Kerubernas hymn, 9 min&lt;br \/&gt;\n    * \u2028KARIN REHNQVIST: Silent Earth, ffg i Sverige, 30 min&lt;br \/&gt;\n    * Paus, 20 min&lt;br \/&gt;\n    * \u2028SERGEJ RACHMANINOV: Symfoni nr 2, 55 min&lt;br \/&gt;\n    * Ungef\u00e4rlig konsertl\u00e4ngd: ca 2 tim (inklusive paus)&lt;\/p&gt;\n\" data-large-file=\"https:\/\/i0.wp.com\/karin-rehnqvist.se\/eng\/wp-content\/uploads\/2025\/02\/SilentEarthH2-033_2.jpg?fit=640%2C409&amp;ssl=1\" src=\"https:\/\/i0.wp.com\/karin-rehnqvist.se\/eng\/wp-content\/uploads\/2025\/02\/SilentEarthH2-033_2.jpg?resize=640%2C409&#038;ssl=1\" alt=\"\" class=\"wp-image-3711\" srcset=\"https:\/\/i0.wp.com\/karin-rehnqvist.se\/eng\/wp-content\/uploads\/2025\/02\/SilentEarthH2-033_2.jpg?w=1701&amp;ssl=1 1701w, https:\/\/i0.wp.com\/karin-rehnqvist.se\/eng\/wp-content\/uploads\/2025\/02\/SilentEarthH2-033_2.jpg?resize=400%2C255&amp;ssl=1 400w, https:\/\/i0.wp.com\/karin-rehnqvist.se\/eng\/wp-content\/uploads\/2025\/02\/SilentEarthH2-033_2.jpg?resize=1024%2C654&amp;ssl=1 1024w, https:\/\/i0.wp.com\/karin-rehnqvist.se\/eng\/wp-content\/uploads\/2025\/02\/SilentEarthH2-033_2.jpg?resize=600%2C383&amp;ssl=1 600w, https:\/\/i0.wp.com\/karin-rehnqvist.se\/eng\/wp-content\/uploads\/2025\/02\/SilentEarthH2-033_2.jpg?resize=1536%2C981&amp;ssl=1 1536w, https:\/\/i0.wp.com\/karin-rehnqvist.se\/eng\/wp-content\/uploads\/2025\/02\/SilentEarthH2-033_2.jpg?resize=1320%2C843&amp;ssl=1 1320w\" sizes=\"auto, (max-width: 640px) 100vw, 640px\" \/><figcaption class=\"wp-element-caption\">From the Swedish premiere of Silent Earth. Berwaldhallen, Stockholm, 26 August 2022.<br>Photo: Arne Hyckenberg<\/figcaption><\/figure>\n<\/div>","protected":false},"excerpt":{"rendered":"<p>The long-awaited release: Karin Rehnqvist&#8216;s acclaimed work Silent Earth is now available for download or streaming. It is a gripping climate oratorio in <\/p>\n","protected":false},"author":1,"featured_media":3699,"comment_status":"closed","ping_status":"open","sticky":false,"template":"","format":"standard","meta":{"ngg_post_thumbnail":0,"jetpack_post_was_ever_published":false,"_jetpack_newsletter_access":"","_jetpack_dont_email_post_to_subs":false,"_jetpack_newsletter_tier_id":0,"_jetpack_memberships_contains_paywalled_content":false,"_jetpack_memberships_contains_paid_content":false,"footnotes":"","jetpack_publicize_message":"","jetpack_publicize_feature_enabled":true,"jetpack_social_post_already_shared":true,"jetpack_social_options":{"image_generator_settings":{"template":"highway","default_image_id":0,"font":"","enabled":false},"version":2}},"categories":[4],"tags":[],"class_list":["post-3697","post","type-post","status-publish","format-standard","has-post-thumbnail","hentry","category-latest"],"jetpack_publicize_connections":[],"jetpack_featured_media_url":"https:\/\/i0.wp.com\/karin-rehnqvist.se\/eng\/wp-content\/uploads\/2025\/02\/Silent-Earth_release-Camera.png?fit=1920%2C1080&ssl=1","jetpack_sharing_enabled":true,"jetpack_shortlink":"https:\/\/wp.me\/p79arM-XD","jetpack-related-posts":[{"id":2433,"url":"https:\/\/karin-rehnqvist.se\/eng\/time-for-the-swedish-premiere-of-silent-earth\/","url_meta":{"origin":3697,"position":0},"title":"Time for the Swedish premiere of Silent Earth","author":"admin2","date":"August 26, 2022","format":false,"excerpt":"Listen to Silent Earth! Swedish premiere, Berwaldhallen, Aug 27, 2022 [Baltic Sea Festival] On 27 August, after a delay of two years,\u00a0Karin Rehnqvist\u2019s\u00a0Silent Earth\u00a0finally will receive its Swedish premiere during the\u00a0Baltic Sea Festival\u00a0in Stockholm.\u00a0The Swedish Radio Choir,\u00a0The Swedish Radio Symphony Orchestra\u00a0and conductor\u00a0Dima Slobodeniouk\u00a0will perform the half-hour-long work that was described\u2026","rel":"","context":"In &quot;Latest&quot;","block_context":{"text":"Latest","link":"https:\/\/karin-rehnqvist.se\/eng\/category\/latest\/"},"img":{"alt_text":"","src":"https:\/\/i0.wp.com\/karin-rehnqvist.se\/eng\/wp-content\/uploads\/2022\/08\/Silent-Earth_rep_BWH.jpg?fit=1200%2C647&ssl=1&resize=350%2C200","width":350,"height":200,"srcset":"https:\/\/i0.wp.com\/karin-rehnqvist.se\/eng\/wp-content\/uploads\/2022\/08\/Silent-Earth_rep_BWH.jpg?fit=1200%2C647&ssl=1&resize=350%2C200 1x, https:\/\/i0.wp.com\/karin-rehnqvist.se\/eng\/wp-content\/uploads\/2022\/08\/Silent-Earth_rep_BWH.jpg?fit=1200%2C647&ssl=1&resize=525%2C300 1.5x, https:\/\/i0.wp.com\/karin-rehnqvist.se\/eng\/wp-content\/uploads\/2022\/08\/Silent-Earth_rep_BWH.jpg?fit=1200%2C647&ssl=1&resize=700%2C400 2x, https:\/\/i0.wp.com\/karin-rehnqvist.se\/eng\/wp-content\/uploads\/2022\/08\/Silent-Earth_rep_BWH.jpg?fit=1200%2C647&ssl=1&resize=1050%2C600 3x"},"classes":[]},{"id":2333,"url":"https:\/\/karin-rehnqvist.se\/eng\/here-you-can-listen-to-silent-earth\/","url_meta":{"origin":3697,"position":1},"title":"Here you can listen to Silent Earth","author":"admin2","date":"February 15, 2022","format":false,"excerpt":"On January 29, 2022, it was (finally!) The world premiere of Karin Rehnqvist's and Kerstin Perski's work Silent Earth, for mixed choir and symphony orchestra. Silent Earth in three movements is composed for Groot Omroepkoor (Dutch Radio Choir, with Peter Dijkstra as a student) and Radio Filharmonisch Orkest (Dutch Radio\u2026","rel":"","context":"In &quot;Latest&quot;","block_context":{"text":"Latest","link":"https:\/\/karin-rehnqvist.se\/eng\/category\/latest\/"},"img":{"alt_text":"","src":"https:\/\/i0.wp.com\/karin-rehnqvist.se\/eng\/wp-content\/uploads\/2022\/02\/Silent-Earth_Rehnkvist_Perski.jpg?fit=1200%2C785&ssl=1&resize=350%2C200","width":350,"height":200,"srcset":"https:\/\/i0.wp.com\/karin-rehnqvist.se\/eng\/wp-content\/uploads\/2022\/02\/Silent-Earth_Rehnkvist_Perski.jpg?fit=1200%2C785&ssl=1&resize=350%2C200 1x, https:\/\/i0.wp.com\/karin-rehnqvist.se\/eng\/wp-content\/uploads\/2022\/02\/Silent-Earth_Rehnkvist_Perski.jpg?fit=1200%2C785&ssl=1&resize=525%2C300 1.5x, https:\/\/i0.wp.com\/karin-rehnqvist.se\/eng\/wp-content\/uploads\/2022\/02\/Silent-Earth_Rehnkvist_Perski.jpg?fit=1200%2C785&ssl=1&resize=700%2C400 2x, https:\/\/i0.wp.com\/karin-rehnqvist.se\/eng\/wp-content\/uploads\/2022\/02\/Silent-Earth_Rehnkvist_Perski.jpg?fit=1200%2C785&ssl=1&resize=1050%2C600 3x"},"classes":[]},{"id":2452,"url":"https:\/\/karin-rehnqvist.se\/eng\/a-striking-climate-oratorio\/","url_meta":{"origin":3697,"position":2},"title":"A striking climate oratorio","author":"admin2","date":"August 29, 2022","format":false,"excerpt":"In early 2019, the idea of \u200b\u200ba musical piece was born that would portray the agony surrounding our planet's fate: the all-too-clear, alarming and rapidly advancing climate changes. Together with the librettist Kerstin Perski, Karin Rehnqvist began to chisel out the contours of what would become the great symphonic work\u2026","rel":"","context":"In &quot;Latest&quot;","block_context":{"text":"Latest","link":"https:\/\/karin-rehnqvist.se\/eng\/category\/latest\/"},"img":{"alt_text":"","src":"https:\/\/i0.wp.com\/karin-rehnqvist.se\/eng\/wp-content\/uploads\/2022\/08\/jorden_planeten_KRSilent-Earth_2.jpg?fit=1200%2C675&ssl=1&resize=350%2C200","width":350,"height":200,"srcset":"https:\/\/i0.wp.com\/karin-rehnqvist.se\/eng\/wp-content\/uploads\/2022\/08\/jorden_planeten_KRSilent-Earth_2.jpg?fit=1200%2C675&ssl=1&resize=350%2C200 1x, https:\/\/i0.wp.com\/karin-rehnqvist.se\/eng\/wp-content\/uploads\/2022\/08\/jorden_planeten_KRSilent-Earth_2.jpg?fit=1200%2C675&ssl=1&resize=525%2C300 1.5x, https:\/\/i0.wp.com\/karin-rehnqvist.se\/eng\/wp-content\/uploads\/2022\/08\/jorden_planeten_KRSilent-Earth_2.jpg?fit=1200%2C675&ssl=1&resize=700%2C400 2x, https:\/\/i0.wp.com\/karin-rehnqvist.se\/eng\/wp-content\/uploads\/2022\/08\/jorden_planeten_KRSilent-Earth_2.jpg?fit=1200%2C675&ssl=1&resize=1050%2C600 3x"},"classes":[]},{"id":2292,"url":"https:\/\/karin-rehnqvist.se\/eng\/silent-earth-now-its-time-for-the-delayed-premiere\/","url_meta":{"origin":3697,"position":3},"title":"Silent Earth &#8211; now it&#8217;s time for the (delayed) premiere","author":"admin2","date":"January 22, 2022","format":false,"excerpt":"If all participants stay healthy, it now looks like it will be the premiere of Karin Rehnqvist's work Silent Earth. The first premiere would have taken place in Amsterdam in early spring 2020. The pandemi blocked this. Now the NTR ZaterdagMatinee (the Dutch equivalent of BBC Proms) is making a\u2026","rel":"","context":"In &quot;Latest&quot;","block_context":{"text":"Latest","link":"https:\/\/karin-rehnqvist.se\/eng\/category\/latest\/"},"img":{"alt_text":"","src":"https:\/\/i0.wp.com\/karin-rehnqvist.se\/eng\/wp-content\/uploads\/2022\/01\/Silent-Earth.jpg?fit=1200%2C785&ssl=1&resize=350%2C200","width":350,"height":200,"srcset":"https:\/\/i0.wp.com\/karin-rehnqvist.se\/eng\/wp-content\/uploads\/2022\/01\/Silent-Earth.jpg?fit=1200%2C785&ssl=1&resize=350%2C200 1x, https:\/\/i0.wp.com\/karin-rehnqvist.se\/eng\/wp-content\/uploads\/2022\/01\/Silent-Earth.jpg?fit=1200%2C785&ssl=1&resize=525%2C300 1.5x, https:\/\/i0.wp.com\/karin-rehnqvist.se\/eng\/wp-content\/uploads\/2022\/01\/Silent-Earth.jpg?fit=1200%2C785&ssl=1&resize=700%2C400 2x, https:\/\/i0.wp.com\/karin-rehnqvist.se\/eng\/wp-content\/uploads\/2022\/01\/Silent-Earth.jpg?fit=1200%2C785&ssl=1&resize=1050%2C600 3x"},"classes":[]},{"id":2013,"url":"https:\/\/karin-rehnqvist.se\/eng\/cancelled-performances\/","url_meta":{"origin":3697,"position":4},"title":"Cancelled premieres","author":"admin2","date":"April 17, 2020","format":false,"excerpt":"Karin Rehnqvist's work for symphony orchestra and choir, Silent Earth (with lyrics by Kerstin Perski), got its world premiere set in Concertgebouw, Amsterdam. New scheduled date for the performance is now set for January 29, 2022 (!) With The Netherlands Radio Philharmonic Orchestra and Netherlands Radio Choir, with conductor Dima\u2026","rel":"","context":"In &quot;Latest&quot;","block_context":{"text":"Latest","link":"https:\/\/karin-rehnqvist.se\/eng\/category\/latest\/"},"img":{"alt_text":"","src":"https:\/\/i0.wp.com\/karin-rehnqvist.se\/eng\/wp-content\/uploads\/2020\/04\/Karin-Rehnqvist-2019-_popar_1800pxt.jpg?fit=1200%2C862&ssl=1&resize=350%2C200","width":350,"height":200,"srcset":"https:\/\/i0.wp.com\/karin-rehnqvist.se\/eng\/wp-content\/uploads\/2020\/04\/Karin-Rehnqvist-2019-_popar_1800pxt.jpg?fit=1200%2C862&ssl=1&resize=350%2C200 1x, https:\/\/i0.wp.com\/karin-rehnqvist.se\/eng\/wp-content\/uploads\/2020\/04\/Karin-Rehnqvist-2019-_popar_1800pxt.jpg?fit=1200%2C862&ssl=1&resize=525%2C300 1.5x, https:\/\/i0.wp.com\/karin-rehnqvist.se\/eng\/wp-content\/uploads\/2020\/04\/Karin-Rehnqvist-2019-_popar_1800pxt.jpg?fit=1200%2C862&ssl=1&resize=700%2C400 2x, https:\/\/i0.wp.com\/karin-rehnqvist.se\/eng\/wp-content\/uploads\/2020\/04\/Karin-Rehnqvist-2019-_popar_1800pxt.jpg?fit=1200%2C862&ssl=1&resize=1050%2C600 3x"},"classes":[]},{"id":2562,"url":"https:\/\/karin-rehnqvist.se\/eng\/the-composers-appreciated-eulogy\/","url_meta":{"origin":3697,"position":5},"title":"The composer&#8217;s appreciated eulogy","author":"admin2","date":"November 4, 2022","format":false,"excerpt":"Karin Rehnqvist's acceptance speech after being awarded the Nordic Council's Music Prize 2022 for the choral and orchestral work Silent Earth at the prize gala in Musikhuset, Helsinki, on 1 November. Astronomers calculate that there are 2000 billion galaxies in the universe.That's 2000 plus twelve zeros. There are a lot\u2026","rel":"","context":"In &quot;Latest&quot;","block_context":{"text":"Latest","link":"https:\/\/karin-rehnqvist.se\/eng\/category\/latest\/"},"img":{"alt_text":"","src":"https:\/\/i0.wp.com\/karin-rehnqvist.se\/eng\/wp-content\/uploads\/2022\/11\/KR_tack_Nordradet22eng-text.jpg?fit=1200%2C840&ssl=1&resize=350%2C200","width":350,"height":200,"srcset":"https:\/\/i0.wp.com\/karin-rehnqvist.se\/eng\/wp-content\/uploads\/2022\/11\/KR_tack_Nordradet22eng-text.jpg?fit=1200%2C840&ssl=1&resize=350%2C200 1x, https:\/\/i0.wp.com\/karin-rehnqvist.se\/eng\/wp-content\/uploads\/2022\/11\/KR_tack_Nordradet22eng-text.jpg?fit=1200%2C840&ssl=1&resize=525%2C300 1.5x, https:\/\/i0.wp.com\/karin-rehnqvist.se\/eng\/wp-content\/uploads\/2022\/11\/KR_tack_Nordradet22eng-text.jpg?fit=1200%2C840&ssl=1&resize=700%2C400 2x, https:\/\/i0.wp.com\/karin-rehnqvist.se\/eng\/wp-content\/uploads\/2022\/11\/KR_tack_Nordradet22eng-text.jpg?fit=1200%2C840&ssl=1&resize=1050%2C600 3x"},"classes":[]}],"_links":{"self":[{"href":"https:\/\/karin-rehnqvist.se\/eng\/wp-json\/wp\/v2\/posts\/3697","targetHints":{"allow":["GET"]}}],"collection":[{"href":"https:\/\/karin-rehnqvist.se\/eng\/wp-json\/wp\/v2\/posts"}],"about":[{"href":"https:\/\/karin-rehnqvist.se\/eng\/wp-json\/wp\/v2\/types\/post"}],"author":[{"embeddable":true,"href":"https:\/\/karin-rehnqvist.se\/eng\/wp-json\/wp\/v2\/users\/1"}],"replies":[{"embeddable":true,"href":"https:\/\/karin-rehnqvist.se\/eng\/wp-json\/wp\/v2\/comments?post=3697"}],"version-history":[{"count":11,"href":"https:\/\/karin-rehnqvist.se\/eng\/wp-json\/wp\/v2\/posts\/3697\/revisions"}],"predecessor-version":[{"id":3731,"href":"https:\/\/karin-rehnqvist.se\/eng\/wp-json\/wp\/v2\/posts\/3697\/revisions\/3731"}],"wp:featuredmedia":[{"embeddable":true,"href":"https:\/\/karin-rehnqvist.se\/eng\/wp-json\/wp\/v2\/media\/3699"}],"wp:attachment":[{"href":"https:\/\/karin-rehnqvist.se\/eng\/wp-json\/wp\/v2\/media?parent=3697"}],"wp:term":[{"taxonomy":"category","embeddable":true,"href":"https:\/\/karin-rehnqvist.se\/eng\/wp-json\/wp\/v2\/categories?post=3697"},{"taxonomy":"post_tag","embeddable":true,"href":"https:\/\/karin-rehnqvist.se\/eng\/wp-json\/wp\/v2\/tags?post=3697"}],"curies":[{"name":"wp","href":"https:\/\/api.w.org\/{rel}","templated":true}]}}