{"id":3513,"date":"2024-11-04T23:59:38","date_gmt":"2024-11-04T22:59:38","guid":{"rendered":"https:\/\/karin-rehnqvist.se\/eng\/?p=3513"},"modified":"2024-11-05T00:02:23","modified_gmt":"2024-11-04T23:02:23","slug":"karin-rehnqvist-is-portrayed-in-gramophone","status":"publish","type":"post","link":"https:\/\/karin-rehnqvist.se\/eng\/karin-rehnqvist-is-portrayed-in-gramophone\/","title":{"rendered":"Karin Rehnqvist is portrayed in Gramophone"},"content":{"rendered":"\n<p>In its November 2024 issue, the prestigious British (and internationally distributed) music magazine Gramophone presents a portrait of Karin Rehnqvist and her music. She is presented as the first Swedish composer in the article series <em>Contemporary composers.<\/em><\/p>\n\n\n\n<p>The music writer <strong>Guy Rickard<\/strong>s starts from the very earliest impressions of the work <em>Puks\u00e5nger \u2013 Lockrop<\/em> (from 1989) on the CD <em>David&#8217;s nimm<\/em> and states 25 years later that he is still &#8220;in shock&#8221;.<\/p>\n\n\n<div class=\"wp-block-image\">\n<figure class=\"alignright size-large is-resized\"><img data-recalc-dims=\"1\" loading=\"lazy\" decoding=\"async\" width=\"640\" height=\"626\" data-attachment-id=\"3525\" data-permalink=\"https:\/\/karin-rehnqvist.se\/eng\/karin-rehnqvist-is-portrayed-in-gramophone\/davids-nimm_cd-2\/\" data-orig-file=\"https:\/\/i0.wp.com\/karin-rehnqvist.se\/eng\/wp-content\/uploads\/2024\/11\/davids-nimm_cd.jpg?fit=1448%2C1416&amp;ssl=1\" data-orig-size=\"1448,1416\" data-comments-opened=\"0\" data-image-meta=\"{&quot;aperture&quot;:&quot;0&quot;,&quot;credit&quot;:&quot;&quot;,&quot;camera&quot;:&quot;&quot;,&quot;caption&quot;:&quot;&quot;,&quot;created_timestamp&quot;:&quot;0&quot;,&quot;copyright&quot;:&quot;&quot;,&quot;focal_length&quot;:&quot;0&quot;,&quot;iso&quot;:&quot;0&quot;,&quot;shutter_speed&quot;:&quot;0&quot;,&quot;title&quot;:&quot;&quot;,&quot;orientation&quot;:&quot;0&quot;}\" data-image-title=\"davids nimm_cd\" data-image-description=\"\" data-image-caption=\"\" data-large-file=\"https:\/\/i0.wp.com\/karin-rehnqvist.se\/eng\/wp-content\/uploads\/2024\/11\/davids-nimm_cd.jpg?fit=640%2C626&amp;ssl=1\" src=\"https:\/\/i0.wp.com\/karin-rehnqvist.se\/eng\/wp-content\/uploads\/2024\/11\/davids-nimm_cd.jpg?resize=640%2C626&#038;ssl=1\" alt=\"\" class=\"wp-image-3525\" style=\"width:179px\" srcset=\"https:\/\/i0.wp.com\/karin-rehnqvist.se\/eng\/wp-content\/uploads\/2024\/11\/davids-nimm_cd.jpg?resize=1024%2C1001&amp;ssl=1 1024w, https:\/\/i0.wp.com\/karin-rehnqvist.se\/eng\/wp-content\/uploads\/2024\/11\/davids-nimm_cd.jpg?resize=400%2C391&amp;ssl=1 400w, https:\/\/i0.wp.com\/karin-rehnqvist.se\/eng\/wp-content\/uploads\/2024\/11\/davids-nimm_cd.jpg?resize=600%2C587&amp;ssl=1 600w, https:\/\/i0.wp.com\/karin-rehnqvist.se\/eng\/wp-content\/uploads\/2024\/11\/davids-nimm_cd.jpg?resize=65%2C65&amp;ssl=1 65w, https:\/\/i0.wp.com\/karin-rehnqvist.se\/eng\/wp-content\/uploads\/2024\/11\/davids-nimm_cd.jpg?resize=1320%2C1291&amp;ssl=1 1320w, https:\/\/i0.wp.com\/karin-rehnqvist.se\/eng\/wp-content\/uploads\/2024\/11\/davids-nimm_cd.jpg?w=1448&amp;ssl=1 1448w\" sizes=\"auto, (max-width: 640px) 100vw, 640px\" \/><\/figure>\n<\/div>\n\n\n<blockquote class=\"wp-block-quote is-layout-flow wp-block-quote-is-layout-flow\">\n<p>\u2013 It was the vocal cycle Puks\u00e5nger \u2013 Lockrop (1989; \u201cTimpanum Songs\u2014Herding Calls\u201d) that pinned my ears back, although nailed them to the sides of my head might be more accurate!<\/p>\n\n\n\n<p>\u2013 By the time I came to select my Critics\u2019 Choice that year, when we had the luxury of six choices, I concluded merely with \u201cthe stunning CD of Karin Rehnqvist, from which I am still in shock\u201d.<br><\/p>\n<\/blockquote>\n\n\n\n<p>Guy Rickards of course also draws attention to Karin Rehnqvist&#8217;s focus as a composer on the power of children and their voices and, among other things, mentions the piece <em>Ljus av ljus<\/em>\/ <em>Light of Light<\/em> for treble choir and symphony orchestra as a shining example:<\/p>\n\n\n<div class=\"wp-block-image\">\n<figure class=\"alignright size-full is-resized\"><img data-recalc-dims=\"1\" decoding=\"async\" src=\"https:\/\/i0.wp.com\/karin-rehnqvist.se\/wp-content\/uploads\/Rehnqvist_Live_booklet_omsl-2.jpg?w=640&#038;ssl=1\" alt=\"\" class=\"wp-image-4176\" style=\"width:179px\"\/><\/figure>\n<\/div>\n\n\n<blockquote class=\"wp-block-quote is-layout-flow wp-block-quote-is-layout-flow\">\n<p>Her most notable work involving children\u2019s voices is Light of Light (\u2018Ljus av Ljus\u2019 in Swedish) from 2003, a cantata in three movements (Bright, shimmering\u2014Dark, compelling\u2014Bright, Intense) designed, in the composer\u2019s words, as \u201ca Song of Praise. A praise to the wonderfulness in our existence, to life, to nature.\u201d Sometimes described, not really accurately, as a choral symphony, this quarter-hour-long work was commissioned jointly by Radio France, Swedish Radio, and the Swedish Concerts Institute and premiered in January 2004 at the Pr\u00e9sences Festival, Paris. Manfred Honeck\u2019s account with the Swedish Radio Symphony Orchestra was issued on the Swedish Grammy-award-winning album Karin Rehnqvist\u2014LIVE.<\/p>\n<\/blockquote>\n\n\n\n<p>The Gramophone overview of Rehnqvist&#8217;s work notes that many of her orchestral compositions remain unrecorded; but several are played by orchestras around the world.<\/p>\n\n\n<div class=\"wp-block-image\">\n<figure class=\"alignright size-full is-resized\"><img data-recalc-dims=\"1\" loading=\"lazy\" decoding=\"async\" width=\"450\" height=\"450\" data-attachment-id=\"3517\" data-permalink=\"https:\/\/karin-rehnqvist.se\/eng\/karin-rehnqvist-is-portrayed-in-gramophone\/arktis_cd-omsl-2\/\" data-orig-file=\"https:\/\/i0.wp.com\/karin-rehnqvist.se\/eng\/wp-content\/uploads\/2024\/11\/Arktis_cd-omsl.jpg?fit=450%2C450&amp;ssl=1\" data-orig-size=\"450,450\" data-comments-opened=\"0\" data-image-meta=\"{&quot;aperture&quot;:&quot;0&quot;,&quot;credit&quot;:&quot;&quot;,&quot;camera&quot;:&quot;&quot;,&quot;caption&quot;:&quot;&quot;,&quot;created_timestamp&quot;:&quot;0&quot;,&quot;copyright&quot;:&quot;&quot;,&quot;focal_length&quot;:&quot;0&quot;,&quot;iso&quot;:&quot;0&quot;,&quot;shutter_speed&quot;:&quot;0&quot;,&quot;title&quot;:&quot;&quot;,&quot;orientation&quot;:&quot;1&quot;}\" data-image-title=\"Arktis_cd-omsl\" data-image-description=\"\" data-image-caption=\"\" data-large-file=\"https:\/\/i0.wp.com\/karin-rehnqvist.se\/eng\/wp-content\/uploads\/2024\/11\/Arktis_cd-omsl.jpg?fit=450%2C450&amp;ssl=1\" src=\"https:\/\/i0.wp.com\/karin-rehnqvist.se\/eng\/wp-content\/uploads\/2024\/11\/Arktis_cd-omsl.jpg?resize=450%2C450&#038;ssl=1\" alt=\"\" class=\"wp-image-3517\" style=\"width:179px\" srcset=\"https:\/\/i0.wp.com\/karin-rehnqvist.se\/eng\/wp-content\/uploads\/2024\/11\/Arktis_cd-omsl.jpg?w=450&amp;ssl=1 450w, https:\/\/i0.wp.com\/karin-rehnqvist.se\/eng\/wp-content\/uploads\/2024\/11\/Arktis_cd-omsl.jpg?resize=400%2C400&amp;ssl=1 400w, https:\/\/i0.wp.com\/karin-rehnqvist.se\/eng\/wp-content\/uploads\/2024\/11\/Arktis_cd-omsl.jpg?resize=150%2C150&amp;ssl=1 150w, https:\/\/i0.wp.com\/karin-rehnqvist.se\/eng\/wp-content\/uploads\/2024\/11\/Arktis_cd-omsl.jpg?resize=65%2C65&amp;ssl=1 65w\" sizes=\"auto, (max-width: 450px) 100vw, 450px\" \/><\/figure>\n<\/div>\n\n\n<p>Arktis Arktis! (from 2000\/2001), from the CD of the same name, is an example of an orchestral piece for string orchestra that has become a repertoire piece in several places. It can be seen as an early entry of the sounding, musical kind about our relationship with nature and climate.<\/p>\n\n\n\n<blockquote class=\"wp-block-quote is-layout-flow wp-block-quote-is-layout-flow\">\n<p>Rehnqvist\u2019s varied production of orchestral pieces have been relatively less well represented on disc, but not Arktis Arktis! (2000-1). Another product of her Swedish\/Scottish Chamber Orchestral residency, its origins lay in her impressions of the Arctic Ocean after taking part in a Swedish polar expedition in 1999. Rehnqvist is not the first Swedish composer to portray the top of the world after seeing it first-hand\u2014think of Nystroem\u2019s Ishavet\u2014and she provided a detailed account of the experiences behind the music, from \u201cthe panoramic views, the horizons, the quivering effect when hot and cold air meet\u201d, the tundra of the sub-polar regions, its flora and fauna and the intense \u201cshimmering, glimmering light\u201d.<\/p>\n<\/blockquote>\n\n\n\n<p>Read the Karin Rehnqvist article in the Gramophone series <a href=\"https:\/\/www.gramophone.co.uk\/features\/article\/contemporary-composer-karin-rehnqvist\" data-type=\"link\" data-id=\"https:\/\/www.gramophone.co.uk\/features\/article\/contemporary-composer-karin-rehnqvist\" target=\"_blank\" rel=\"noreferrer noopener\"><strong>Contemporary composers \u203a<\/strong><\/a><\/p>\n\n\n\n<hr class=\"wp-block-separator has-alpha-channel-opacity\"\/>\n\n\n\n<p><em>Contemporary composers<\/em> previously featured in Gramophone:<br><strong>Timo Andres<\/strong> (US), <strong>Daniel Bjarnason<\/strong> (IS), <strong>Oliver Leith<\/strong> (GB), <strong>Robert Saxton<\/strong> (GB), <strong>Elena Ruehr<\/strong> (US), <strong>Arlene Sierra<\/strong> (US\/GB), <strong>Thomas Larcher<\/strong> (AT), <strong>Stuart McRae<\/strong> (GB ), <strong>Benet Casablanca<\/strong> (ES).<\/p>\n\n\n\n<p><br><br><br><\/p>\n","protected":false},"excerpt":{"rendered":"<p>In its November 2024 issue, the prestigious British (and internationally distributed) music magazine Gramophone presents a portrait of Karin Rehnqvist and her music. <\/p>\n","protected":false},"author":1,"featured_media":3515,"comment_status":"closed","ping_status":"open","sticky":false,"template":"","format":"standard","meta":{"ngg_post_thumbnail":0,"jetpack_post_was_ever_published":false,"_jetpack_newsletter_access":"","_jetpack_dont_email_post_to_subs":false,"_jetpack_newsletter_tier_id":0,"_jetpack_memberships_contains_paywalled_content":false,"_jetpack_memberships_contains_paid_content":false,"footnotes":"","jetpack_publicize_message":"","jetpack_publicize_feature_enabled":true,"jetpack_social_post_already_shared":true,"jetpack_social_options":{"image_generator_settings":{"template":"highway","default_image_id":0,"font":"","enabled":false},"version":2}},"categories":[4],"tags":[],"class_list":["post-3513","post","type-post","status-publish","format-standard","has-post-thumbnail","hentry","category-latest"],"jetpack_publicize_connections":[],"jetpack_featured_media_url":"https:\/\/i0.wp.com\/karin-rehnqvist.se\/eng\/wp-content\/uploads\/2024\/11\/KarinRehnqvist087_2024_2_Gramophone.jpg?fit=1684%2C1204&ssl=1","jetpack_sharing_enabled":true,"jetpack_shortlink":"https:\/\/wp.me\/p79arM-UF","jetpack-related-posts":[{"id":1109,"url":"https:\/\/karin-rehnqvist.se\/eng\/puksanger-lockrop-timpanum-songs-herding-calls\/","url_meta":{"origin":3513,"position":0},"title":"PUKS\u00c5NGER &#8211; LOCKROP\u00a0 (TIMPANUM SONGS \u2013 HERDING CALLS)","author":"admin2","date":"January 28, 2016","format":false,"excerpt":"for two female singers and percussion \u00a0 Puks\u00e5nger \u2013 lockrop was commissioned by Rikskonserter for the 1989 Falun Folk Music Festival. Basically, the intention was to investigate the potentialities of the voice, with reference to vocal techniques used in earlier Swedish folk music, and especially what is known as \"kulning\"\u2026","rel":"","context":"In &quot;Programme notes&quot;","block_context":{"text":"Programme notes","link":"https:\/\/karin-rehnqvist.se\/eng\/category\/programme-notes\/"},"img":{"alt_text":"","src":"","width":0,"height":0},"classes":[]},{"id":1415,"url":"https:\/\/karin-rehnqvist.se\/eng\/rehnqvist-festival-with-17-works\/","url_meta":{"origin":3513,"position":1},"title":"Rehnqvist festival with 17 works","author":"admin2","date":"February 23, 2017","format":false,"excerpt":"In Troms\u00f8, Norway, Karin Rehnqvist is Composer In Residence at 'the arctic university of Norway', University of Troms\u00f8, up in the North. During the last week of February (20\u201326 Feb) there will be lots of seminars and workshops, rehearsal sessions \u2013 and concerts at The Faculty of Fine Arts. 17\u2026","rel":"","context":"In &quot;Notes&quot;","block_context":{"text":"Notes","link":"https:\/\/karin-rehnqvist.se\/eng\/category\/notes\/"},"img":{"alt_text":"","src":"https:\/\/i0.wp.com\/karin-rehnqvist.se\/eng\/wp-content\/uploads\/2017\/02\/Troms%C3%B8_Rehnqvist.jpg?fit=1134%2C668&ssl=1&resize=350%2C200","width":350,"height":200,"srcset":"https:\/\/i0.wp.com\/karin-rehnqvist.se\/eng\/wp-content\/uploads\/2017\/02\/Troms%C3%B8_Rehnqvist.jpg?fit=1134%2C668&ssl=1&resize=350%2C200 1x, https:\/\/i0.wp.com\/karin-rehnqvist.se\/eng\/wp-content\/uploads\/2017\/02\/Troms%C3%B8_Rehnqvist.jpg?fit=1134%2C668&ssl=1&resize=525%2C300 1.5x, https:\/\/i0.wp.com\/karin-rehnqvist.se\/eng\/wp-content\/uploads\/2017\/02\/Troms%C3%B8_Rehnqvist.jpg?fit=1134%2C668&ssl=1&resize=700%2C400 2x, https:\/\/i0.wp.com\/karin-rehnqvist.se\/eng\/wp-content\/uploads\/2017\/02\/Troms%C3%B8_Rehnqvist.jpg?fit=1134%2C668&ssl=1&resize=1050%2C600 3x"},"classes":[]},{"id":1793,"url":"https:\/\/karin-rehnqvist.se\/eng\/timpanum-songs-herding-calls-now-in-choral-version\/","url_meta":{"origin":3513,"position":2},"title":"&#8216;Timpanum songs \u2013 Herding calls&#8217; now in choral version","author":"admin2","date":"February 15, 2019","format":false,"excerpt":"Already in 1989, Karin Rehnqvist composed the work Timpanum songs \u2013 Herding calls\/ Puks\u00e5nger \u2013\u00a0lockrop, for two voices and timpanum. The piece contains traditional Swedish folk songs, poems by William Blake and Maria Sabina. In 1994 it was recorded with the singers Lena Willemark and Susanne Rosenberg and Helena Gabrielsson,\u2026","rel":"","context":"In &quot;Latest&quot;","block_context":{"text":"Latest","link":"https:\/\/karin-rehnqvist.se\/eng\/category\/latest\/"},"img":{"alt_text":"","src":"https:\/\/i0.wp.com\/karin-rehnqvist.se\/eng\/wp-content\/uploads\/2019\/02\/liljekonvaljenotert%C3%A5rar.jpg?fit=1200%2C729&ssl=1&resize=350%2C200","width":350,"height":200,"srcset":"https:\/\/i0.wp.com\/karin-rehnqvist.se\/eng\/wp-content\/uploads\/2019\/02\/liljekonvaljenotert%C3%A5rar.jpg?fit=1200%2C729&ssl=1&resize=350%2C200 1x, https:\/\/i0.wp.com\/karin-rehnqvist.se\/eng\/wp-content\/uploads\/2019\/02\/liljekonvaljenotert%C3%A5rar.jpg?fit=1200%2C729&ssl=1&resize=525%2C300 1.5x, https:\/\/i0.wp.com\/karin-rehnqvist.se\/eng\/wp-content\/uploads\/2019\/02\/liljekonvaljenotert%C3%A5rar.jpg?fit=1200%2C729&ssl=1&resize=700%2C400 2x, https:\/\/i0.wp.com\/karin-rehnqvist.se\/eng\/wp-content\/uploads\/2019\/02\/liljekonvaljenotert%C3%A5rar.jpg?fit=1200%2C729&ssl=1&resize=1050%2C600 3x"},"classes":[]},{"id":1019,"url":"https:\/\/karin-rehnqvist.se\/eng\/opera-music-theatre\/","url_meta":{"origin":3513,"position":3},"title":"Opera &#038; Music theatre","author":"admin2","date":"January 26, 2016","format":false,"excerpt":"BLOODHOOF (Blodhov) Monodrama for mezzo-soprano and eight instruments. Winner of the 2019 J\u00e4rn\u00e5ker Prize. Music by Karin Rehnqvist. Text by Ger\u2202ur Kr\u0131stn\u00fd. Translation by John Swedenmark. Composed for Lena Willemark and Ensemble Recherche. Awarded with the J\u00e4rn\u00e5kersprize 2019. Gehrmans (see www.gerhmans.se for full score) Listen\/view\u00a0 |\u00a0 Listen\/view (full, sw subtext)\u2026","rel":"","context":"In &quot;Complete worklist&quot;","block_context":{"text":"Complete worklist","link":"https:\/\/karin-rehnqvist.se\/eng\/category\/complete-worklist\/"},"img":{"alt_text":"","src":"https:\/\/i0.wp.com\/karin-rehnqvist.se\/eng\/wp-content\/uploads\/2015\/06\/KR-noter_opera_bl%C3%A5.jpg?fit=900%2C659&ssl=1&resize=350%2C200","width":350,"height":200,"srcset":"https:\/\/i0.wp.com\/karin-rehnqvist.se\/eng\/wp-content\/uploads\/2015\/06\/KR-noter_opera_bl%C3%A5.jpg?fit=900%2C659&ssl=1&resize=350%2C200 1x, https:\/\/i0.wp.com\/karin-rehnqvist.se\/eng\/wp-content\/uploads\/2015\/06\/KR-noter_opera_bl%C3%A5.jpg?fit=900%2C659&ssl=1&resize=525%2C300 1.5x, https:\/\/i0.wp.com\/karin-rehnqvist.se\/eng\/wp-content\/uploads\/2015\/06\/KR-noter_opera_bl%C3%A5.jpg?fit=900%2C659&ssl=1&resize=700%2C400 2x"},"classes":[]},{"id":2452,"url":"https:\/\/karin-rehnqvist.se\/eng\/a-striking-climate-oratorio\/","url_meta":{"origin":3513,"position":4},"title":"A striking climate oratorio","author":"admin2","date":"August 29, 2022","format":false,"excerpt":"In early 2019, the idea of \u200b\u200ba musical piece was born that would portray the agony surrounding our planet's fate: the all-too-clear, alarming and rapidly advancing climate changes. Together with the librettist Kerstin Perski, Karin Rehnqvist began to chisel out the contours of what would become the great symphonic work\u2026","rel":"","context":"In &quot;Latest&quot;","block_context":{"text":"Latest","link":"https:\/\/karin-rehnqvist.se\/eng\/category\/latest\/"},"img":{"alt_text":"","src":"https:\/\/i0.wp.com\/karin-rehnqvist.se\/eng\/wp-content\/uploads\/2022\/08\/jorden_planeten_KRSilent-Earth_2.jpg?fit=1200%2C675&ssl=1&resize=350%2C200","width":350,"height":200,"srcset":"https:\/\/i0.wp.com\/karin-rehnqvist.se\/eng\/wp-content\/uploads\/2022\/08\/jorden_planeten_KRSilent-Earth_2.jpg?fit=1200%2C675&ssl=1&resize=350%2C200 1x, https:\/\/i0.wp.com\/karin-rehnqvist.se\/eng\/wp-content\/uploads\/2022\/08\/jorden_planeten_KRSilent-Earth_2.jpg?fit=1200%2C675&ssl=1&resize=525%2C300 1.5x, https:\/\/i0.wp.com\/karin-rehnqvist.se\/eng\/wp-content\/uploads\/2022\/08\/jorden_planeten_KRSilent-Earth_2.jpg?fit=1200%2C675&ssl=1&resize=700%2C400 2x, https:\/\/i0.wp.com\/karin-rehnqvist.se\/eng\/wp-content\/uploads\/2022\/08\/jorden_planeten_KRSilent-Earth_2.jpg?fit=1200%2C675&ssl=1&resize=1050%2C600 3x"},"classes":[]},{"id":1015,"url":"https:\/\/karin-rehnqvist.se\/eng\/chamber-music-voicevoices\/","url_meta":{"origin":3513,"position":5},"title":"Chamber music &#038; voice\/voices","author":"admin2","date":"January 25, 2016","format":false,"excerpt":"THE DREAM (2022) for Mezzo-soprano\/ Alto and Cello 12\u2019 Text Rosa Taikon Dedicated to Unni L\u00f8vlid and Marianne Baudouin Lie Svensk Musik Programme note \u00a0| \u00a0Score sample SONGS BETWEEN LIGHT AND DARKNESS \u00a0(2021) \u2013 for two reciters, soprano, alto saxophone, clarinet in Bb (also b.cl) and piano. 16' Text: Gunnar\u2026","rel":"","context":"In &quot;Chamber music &amp; voice&quot;","block_context":{"text":"Chamber music &amp; voice","link":"https:\/\/karin-rehnqvist.se\/eng\/category\/complete-worklist\/chamber-music-voice\/"},"img":{"alt_text":"","src":"https:\/\/i0.wp.com\/karin-rehnqvist.se\/eng\/wp-content\/uploads\/2015\/06\/KR-noter_chamber-voice.jpg?fit=900%2C659&ssl=1&resize=350%2C200","width":350,"height":200,"srcset":"https:\/\/i0.wp.com\/karin-rehnqvist.se\/eng\/wp-content\/uploads\/2015\/06\/KR-noter_chamber-voice.jpg?fit=900%2C659&ssl=1&resize=350%2C200 1x, https:\/\/i0.wp.com\/karin-rehnqvist.se\/eng\/wp-content\/uploads\/2015\/06\/KR-noter_chamber-voice.jpg?fit=900%2C659&ssl=1&resize=525%2C300 1.5x, https:\/\/i0.wp.com\/karin-rehnqvist.se\/eng\/wp-content\/uploads\/2015\/06\/KR-noter_chamber-voice.jpg?fit=900%2C659&ssl=1&resize=700%2C400 2x"},"classes":[]}],"_links":{"self":[{"href":"https:\/\/karin-rehnqvist.se\/eng\/wp-json\/wp\/v2\/posts\/3513","targetHints":{"allow":["GET"]}}],"collection":[{"href":"https:\/\/karin-rehnqvist.se\/eng\/wp-json\/wp\/v2\/posts"}],"about":[{"href":"https:\/\/karin-rehnqvist.se\/eng\/wp-json\/wp\/v2\/types\/post"}],"author":[{"embeddable":true,"href":"https:\/\/karin-rehnqvist.se\/eng\/wp-json\/wp\/v2\/users\/1"}],"replies":[{"embeddable":true,"href":"https:\/\/karin-rehnqvist.se\/eng\/wp-json\/wp\/v2\/comments?post=3513"}],"version-history":[{"count":11,"href":"https:\/\/karin-rehnqvist.se\/eng\/wp-json\/wp\/v2\/posts\/3513\/revisions"}],"predecessor-version":[{"id":3529,"href":"https:\/\/karin-rehnqvist.se\/eng\/wp-json\/wp\/v2\/posts\/3513\/revisions\/3529"}],"wp:featuredmedia":[{"embeddable":true,"href":"https:\/\/karin-rehnqvist.se\/eng\/wp-json\/wp\/v2\/media\/3515"}],"wp:attachment":[{"href":"https:\/\/karin-rehnqvist.se\/eng\/wp-json\/wp\/v2\/media?parent=3513"}],"wp:term":[{"taxonomy":"category","embeddable":true,"href":"https:\/\/karin-rehnqvist.se\/eng\/wp-json\/wp\/v2\/categories?post=3513"},{"taxonomy":"post_tag","embeddable":true,"href":"https:\/\/karin-rehnqvist.se\/eng\/wp-json\/wp\/v2\/tags?post=3513"}],"curies":[{"name":"wp","href":"https:\/\/api.w.org\/{rel}","templated":true}]}}