{"id":3419,"date":"2024-09-06T20:02:07","date_gmt":"2024-09-06T19:02:07","guid":{"rendered":"https:\/\/karin-rehnqvist.se\/eng\/?p=3419"},"modified":"2024-11-07T17:04:56","modified_gmt":"2024-11-07T16:04:56","slug":"autumn-2024","status":"publish","type":"post","link":"https:\/\/karin-rehnqvist.se\/eng\/autumn-2024\/","title":{"rendered":"Autumn 2024"},"content":{"rendered":"\n<p><strong>11 August 2024 <\/strong><br><strong>Vaults<\/strong><br>Stockholm Chamber Brass<br>Gamle Aker Kirke, Oslo<\/p>\n\n\n\n<hr class=\"wp-block-separator has-text-color has-vivid-purple-color has-alpha-channel-opacity has-vivid-purple-background-color has-background is-style-wide\"\/>\n\n\n\n<p><strong>16\u201317 August 2024<\/strong><br><em>NYTT Festival<\/em><br>16\/8: <strong>The Dream<\/strong><br>Monica Danielsson, song, Christian Berg, cello<br>Transj\u00f6 Folkets Hus, 6.30 pm<\/p>\n\n\n\n<p>17\/8: \u201dTo be a composer\u201d \u2013 music and talk with Karin Rehnqvist and Josef S\u00f6reke&nbsp;<br>Galleri S\u00f6reskog, Berg, 4 pm<\/p>\n\n\n\n<p>17\/8: <strong>Psalm ur natten<\/strong><br>J\u00f6rgen Pettersson, saxophone<br><strong>The Dream<\/strong><br>Monica Danielsson, song, Christian Berg, cello<br>Galleri S\u00f6reskog, Berg, 5.30 pm<\/p>\n\n\n\n<hr class=\"wp-block-separator has-text-color has-vivid-purple-color has-alpha-channel-opacity has-vivid-purple-background-color has-background is-style-wide\"\/>\n\n\n\n<p><strong>5 September 2024<\/strong><br><strong> &#8230;and so the day ends<\/strong><br>Stockholm Saxophone Quartet<br>Marabouparkens Konsthall, Sundbyberg, 6 pm<\/p>\n\n\n\n<hr class=\"wp-block-separator has-text-color has-vivid-purple-color has-alpha-channel-opacity has-vivid-purple-background-color has-background is-style-wide\"\/>\n\n\n\n<p><strong>8 September 2024<\/strong><br><strong>Wiegenlieder im All<\/strong><br>Eric Ericson Chamber Choir, Florian Benfer, conductor; Bundesjugendchor, Cecilia Martin-L\u00f6f, conductor<br>The Eric Ericson Hall, Stockholm, 6 pm<\/p>\n\n\n\n<hr class=\"wp-block-separator has-text-color has-vivid-purple-color has-alpha-channel-opacity has-vivid-purple-background-color has-background is-style-wide\"\/>\n\n\n\n<p><strong>11 September 2024<\/strong><br><strong>Hymn from Night<\/strong> \u2013 premiere, version for cello<br>Christian Berg, cello<br>Haga church, Gothenburg, 12 am<\/p>\n\n\n\n<hr class=\"wp-block-separator has-text-color has-vivid-purple-color has-alpha-channel-opacity has-vivid-purple-background-color has-background is-style-wide\"\/>\n\n\n\n<p><strong>14 September 2024 <\/strong><br><strong>The Raven himself is hoarse<\/strong><br>Swedish Radio Choir, Fredrik Malmberg, conductor<br>The Swedish History Museum, Stockholm, 2 pm<\/p>\n\n\n\n<hr class=\"wp-block-separator has-text-color has-vivid-purple-color has-alpha-channel-opacity has-vivid-purple-background-color has-background is-style-wide\"\/>\n\n\n\n<p><strong>14 September 2024<\/strong><br><strong>\u2026and so the day ends<\/strong><br>Stockholm Saxophone Quartet<br>Media Artes, Nygatan 6, V\u00e4xj\u00f6, Sweden, 4 pm<\/p>\n\n\n\n<hr class=\"wp-block-separator has-text-color has-vivid-purple-color has-alpha-channel-opacity has-vivid-purple-background-color has-background is-style-wide\"\/>\n\n\n\n<p><strong>18 September 2024 <\/strong><br><strong>Timpanum songs \u2013 herding call<\/strong>s <br>Ulrika Bod\u00e9n, Berit Norbakken, voices; Rune Halvorsen, percussion<br>Store Studio at NRK, Marienlyst, Oslo, 6 pm<\/p>\n\n\n\n<hr class=\"wp-block-separator has-text-color has-vivid-purple-color has-alpha-channel-opacity has-vivid-purple-background-color has-background is-style-wide\"\/>\n\n\n\n<p><strong>19 September 2024<\/strong><br>Cd recording = new recording of Timpanum songs \u2013 herding calls\/ Puks\u00e5nger \u2013 lockrop<\/p>\n\n\n\n<hr class=\"wp-block-separator has-text-color has-vivid-purple-color has-alpha-channel-opacity has-vivid-purple-background-color has-background is-style-wide\"\/>\n\n\n\n<p><strong>19 September 2024<\/strong><br><strong>When night confers respose<\/strong>, for mixed choir<br>Cappella Amsterdam, Heide M\u00fcller, conductor, Florian Ganzevoort, light<br>Muziekgebouw, Amsterdam, 8.15 pm<\/p>\n\n\n\n<hr class=\"wp-block-separator has-text-color has-vivid-purple-color has-alpha-channel-opacity has-vivid-purple-background-color has-background is-style-wide\"\/>\n\n\n\n<p><strong>20 September 2024&nbsp;<\/strong><br><em>New music for young voices<\/em><br>Workshop and presentation of new choir pieces for conductors of children&#8217;s choirs<br>9.30 am \u2013 3.30 pm, Gothenburg<br>An event by the Swedish Royal Music Academy<\/p>\n\n\n\n<hr class=\"wp-block-separator has-text-color has-vivid-purple-color has-alpha-channel-opacity has-vivid-purple-background-color has-background is-style-wide\"\/>\n\n\n\n<p><strong>21 September 2024<\/strong><br><strong>When night confers repose<\/strong>, for mixed choir<br>Cappella Amsterdam, Heide M\u00fcller, conductor, Florian Ganzevoort, light<br>Pieterskerk, Utrecht, 8.15 pm<\/p>\n\n\n\n<hr class=\"wp-block-separator has-text-color has-vivid-purple-color has-alpha-channel-opacity has-vivid-purple-background-color has-background is-style-wide\"\/>\n\n\n\n<p><strong>21 September 2024<\/strong><br><em>Pax et Caritas<\/em> \u2013 a peace concert<br><strong>Do not fear the darkness<\/strong><br>Adolf Fredrik&#8217;s Music Classes, Annika Beijer, conductor<br>Adolf Fredriks church, Stockholm, 4 pm<\/p>\n\n\n\n<hr class=\"wp-block-separator has-text-color has-vivid-purple-color has-alpha-channel-opacity has-vivid-purple-background-color has-background is-style-wide\"\/>\n\n\n\n<p><strong>22 September 2024<\/strong><br><strong>When night confers repose<\/strong>, for mixed choir<br>Cappella Amsterdam, Heide M\u00fcller, conductor; Florian Ganzevoort, light<br>Amare, Den Haag, 8.15 pm<\/p>\n\n\n\n<hr class=\"wp-block-separator has-text-color has-vivid-purple-color has-alpha-channel-opacity has-vivid-purple-background-color has-background is-style-wide\"\/>\n\n\n\n<p><strong>28 September 2024<\/strong><br><strong>When night confers repose<\/strong>, for mixed choir<br>Cappella Amsterdam, Heide M\u00fcller, conductor, Florian Ganzevoort, light<br>de Vereeniging, Nijmegen, 8.15 pm<\/p>\n\n\n\n<hr class=\"wp-block-separator has-text-color has-vivid-purple-color has-alpha-channel-opacity has-vivid-purple-background-color has-background is-style-wide\"\/>\n\n\n\n<p><strong>29 September 2024<\/strong><br><strong>When night confers repose<\/strong>, for mixed choir<br>Cappella Amsterdam, Heide M\u00fcller, conductor, Florian Ganzevoort, light<br>Scouwburg Odeon, Zwolle, 2.30 pm<\/p>\n\n\n\n<hr class=\"wp-block-separator has-text-color has-vivid-purple-color has-alpha-channel-opacity has-vivid-purple-background-color has-background\"\/>\n\n\n\n<p><strong>6 October 2024<br>In Heaven&#8217;s Hall<\/strong>\/ <strong>I himmelen<\/strong>\/<strong> <\/strong><br><em>Let the Peoples Sing, finale, EBU\/BBC Radio 3<\/em><br>Copenhagen Girls\u2019 Choir\/Sankt Ann\u00e6 Pigekor, Copenhagen, Anne-Terese Sales, conductor<br><em>Let the Peoples Sing<\/em>\u00a0is an international choral competition organised by the European Broadcasting Union (EBU).<\/p>\n\n\n\n<hr class=\"wp-block-separator has-text-color has-vivid-purple-color has-alpha-channel-opacity has-vivid-purple-background-color has-background\"\/>\n\n\n\n<p><strong>6 October 2024<br>Haya<\/strong><br>S:t Jacob&#8217;s Vocal Ensemble, Mikael Wedar, conductor<br>Storkyrkan, Stockholm, 4 pm<\/p>\n\n\n\n<hr class=\"wp-block-separator has-text-color has-vivid-purple-color has-alpha-channel-opacity has-vivid-purple-background-color has-background\"\/>\n\n\n\n<p><strong>8 October 2024<br>Hymn from night<\/strong><br>Christian Berg, baroque cello<br>Johanneberg church, Gothenburg, 12 am<\/p>\n\n\n\n<hr class=\"wp-block-separator has-text-color has-vivid-purple-color has-alpha-channel-opacity has-vivid-purple-background-color has-background\"\/>\n\n\n\n<p><strong>17 October 2024&nbsp;<br>Triumph to exist<br>When night confers repose <br>Night on our earth<\/strong><br>Ensemble GAEA, Beate Styri, conductor<br>Kronesalen, Sentralen, Oslo, 7.30 pm<\/p>\n\n\n\n<hr class=\"wp-block-separator has-text-color has-vivid-purple-color has-alpha-channel-opacity has-vivid-purple-background-color has-background\"\/>\n\n\n\n<p><strong>27 October 2024&nbsp;<br>Night on our earth<br>Do not fear the darkness<\/strong><br>Ensemble 96, Simon Arlasj\u00f6, conductor<br>Paulus kirke,&nbsp;Oslo, 6 pm<\/p>\n\n\n\n<hr class=\"wp-block-separator has-text-color has-vivid-purple-color has-alpha-channel-opacity has-vivid-purple-background-color has-background\"\/>\n\n\n\n<p><strong>19 November 2024\u00a0<br>Rescue Me from the Mire<\/strong>\/ <strong>R\u00e4dda mig ur dyn<\/strong><br>Piper Weldon, soprano, Steph Tamas, alto saxophone<br>Greenfield Hall, Manhattan School of Music, New York City, 7.30 pm<\/p>\n\n\n\n<hr class=\"wp-block-separator has-text-color has-vivid-purple-color has-alpha-channel-opacity has-vivid-purple-background-color has-background is-style-wide\"\/>\n\n\n\n<p><strong>18 December 2024<\/strong><br><strong>Do not fear the darkness<\/strong><br>Anders Lagerqvist, violin<br>Waldemarsudde Museum, Stockholm<\/p>\n\n\n\n<hr class=\"wp-block-separator has-text-color has-vivid-purple-color has-alpha-channel-opacity has-vivid-purple-background-color has-background is-style-wide\"\/>\n\n\n\n<h2 class=\"wp-block-heading\">Upcoming \u2013 2025<\/h2>\n\n\n\n<p><strong>6 February 2025&nbsp;<br>Breaking the ice<\/strong>&nbsp;from Arktis Arktis!<br>V\u00e4ster\u00e5s Sinfonietta, Tobias Ringborg, conductor<br>V\u00e4ster\u00e5s Concert Hall, V\u00e4ster\u00e5s, Sweden, 7 pm<\/p>\n\n\n\n<hr class=\"wp-block-separator has-text-color has-vivid-purple-color has-alpha-channel-opacity has-vivid-purple-background-color has-background is-style-wide\"\/>\n\n\n\n<p><strong>21 February 2025\u00a0<\/strong><br><strong>I thought the Sea Would Sing to Me<\/strong>\u00a0for viola and electronics<br>CD-release \u2013 Nathan Sherman, viola\u00a0<br>\u201cThe Gentle Erasure of Time\u201d<\/p>\n\n\n\n<hr class=\"wp-block-separator has-text-color has-vivid-purple-color has-alpha-channel-opacity has-vivid-purple-background-color has-background is-style-wide\"\/>\n\n\n\n<p><strong>26 April 2025<\/strong><br>New piece<br>Helsinki Chamber Choir and Baroque ensemble<\/p>\n\n\n\n<hr class=\"wp-block-separator has-text-color has-vivid-purple-color has-alpha-channel-opacity has-vivid-purple-background-color has-background is-style-wide\"\/>\n\n\n\n<p><strong>8  May 2025 <\/strong><br><strong>Silent Earth <\/strong><br>Gothenburg Symphony Orchestra, Gothenburg Symphony Orchestra&#8217;s Vocal Ensemble and Gothenburg Symphony Orchestra&#8217;s Choir, Eva Ollikainen, conductor&nbsp;&nbsp;<br>Gothenburg Concert Hall, 7.30 pm<\/p>\n\n\n\n<p><strong>9 May 2025 <\/strong><br><strong>Silent Earth <\/strong><br>Gothenburg Symphony Orchestra, Gothenburg Symphony Orchestra&#8217;s Vocal Ensemble and Gothenburg Symphony Orchestra&#8217;s Choir, Eva Ollikainen, conductor&nbsp;<br>Gothenburg Concert Hall, 4 pm<\/p>\n\n\n\n<p><br><\/p>\n","protected":false},"excerpt":{"rendered":"<p>11 August 2024 VaultsStockholm Chamber BrassGamle Aker Kirke, Oslo 16\u201317 August 2024NYTT Festival16\/8: The DreamMonica Danielsson, song, Christian Berg, celloTransj\u00f6 Folkets Hus, 6.30 <\/p>\n","protected":false},"author":1,"featured_media":3431,"comment_status":"closed","ping_status":"open","sticky":false,"template":"","format":"standard","meta":{"ngg_post_thumbnail":0,"jetpack_post_was_ever_published":false,"_jetpack_newsletter_access":"","_jetpack_dont_email_post_to_subs":false,"_jetpack_newsletter_tier_id":0,"_jetpack_memberships_contains_paywalled_content":false,"_jetpack_memberships_contains_paid_content":false,"footnotes":"","jetpack_publicize_message":"","jetpack_publicize_feature_enabled":true,"jetpack_social_post_already_shared":true,"jetpack_social_options":{"image_generator_settings":{"template":"highway","default_image_id":0,"font":"","enabled":false},"version":2}},"categories":[4],"tags":[],"class_list":["post-3419","post","type-post","status-publish","format-standard","has-post-thumbnail","hentry","category-latest"],"jetpack_publicize_connections":[],"jetpack_featured_media_url":"https:\/\/i0.wp.com\/karin-rehnqvist.se\/eng\/wp-content\/uploads\/2024\/09\/faglarnotsymboler.jpg?fit=1531%2C931&ssl=1","jetpack_sharing_enabled":true,"jetpack_shortlink":"https:\/\/wp.me\/p79arM-T9","jetpack-related-posts":[{"id":4024,"url":"https:\/\/karin-rehnqvist.se\/eng\/autumn-2025\/","url_meta":{"origin":3419,"position":0},"title":"Autumn 2025","author":"admin2","date":"September 3, 2025","format":false,"excerpt":"9 August 2025When I close my eyes I dream of peaceThe Swedish National Youth Choir, The Norwegian National Youth Choir, The Finnish National Youth ChoirFlorian Benfer, conductor, Malva Pentik\u00e4inen, Hanna Balsnes, Maria Yefanova, subconductorsNordklang Festival and Norbusang Festival, Oslo Cathedral, 7.00 pm 10 August 2025David's NimmDREI:st EnsembleSt. George\u2019s Church, Parchim,\u2026","rel":"","context":"In &quot;Latest&quot;","block_context":{"text":"Latest","link":"https:\/\/karin-rehnqvist.se\/eng\/category\/latest\/"},"img":{"alt_text":"","src":"https:\/\/i0.wp.com\/karin-rehnqvist.se\/eng\/wp-content\/uploads\/2025\/09\/bakgr_abstr_kalendarium25namnteckn_2.jpg?fit=1200%2C643&ssl=1&resize=350%2C200","width":350,"height":200,"srcset":"https:\/\/i0.wp.com\/karin-rehnqvist.se\/eng\/wp-content\/uploads\/2025\/09\/bakgr_abstr_kalendarium25namnteckn_2.jpg?fit=1200%2C643&ssl=1&resize=350%2C200 1x, https:\/\/i0.wp.com\/karin-rehnqvist.se\/eng\/wp-content\/uploads\/2025\/09\/bakgr_abstr_kalendarium25namnteckn_2.jpg?fit=1200%2C643&ssl=1&resize=525%2C300 1.5x, https:\/\/i0.wp.com\/karin-rehnqvist.se\/eng\/wp-content\/uploads\/2025\/09\/bakgr_abstr_kalendarium25namnteckn_2.jpg?fit=1200%2C643&ssl=1&resize=700%2C400 2x, https:\/\/i0.wp.com\/karin-rehnqvist.se\/eng\/wp-content\/uploads\/2025\/09\/bakgr_abstr_kalendarium25namnteckn_2.jpg?fit=1200%2C643&ssl=1&resize=1050%2C600 3x"},"classes":[]},{"id":3104,"url":"https:\/\/karin-rehnqvist.se\/eng\/spring-2024\/","url_meta":{"origin":3419,"position":1},"title":"Spring 2024","author":"admin2","date":"January 26, 2024","format":false,"excerpt":"13 January 2024The Riddle \u2013 at String Quartet BiennaleQuat\u00f3r MetamorphosesCit\u00e9 de la Musique, Paris 23 January 2024Rescue me from sinking in the mireAlexandra Zetterstr\u00f6m B\u00fcchel, voice, Ilta Attila, alto saxophoneMusiikkitalo (The Music House), Helsinki 9 February 2024Night on our earthKammerchor der Universit\u00e4t Hamburg, Thomas Posth, conductorLaeiszhalle, Hamburg, 8 pm 10\u2026","rel":"","context":"In &quot;Latest&quot;","block_context":{"text":"Latest","link":"https:\/\/karin-rehnqvist.se\/eng\/category\/latest\/"},"img":{"alt_text":"","src":"https:\/\/i0.wp.com\/karin-rehnqvist.se\/eng\/wp-content\/uploads\/2024\/01\/bakgr-konst_4.jpg?fit=1200%2C582&ssl=1&resize=350%2C200","width":350,"height":200,"srcset":"https:\/\/i0.wp.com\/karin-rehnqvist.se\/eng\/wp-content\/uploads\/2024\/01\/bakgr-konst_4.jpg?fit=1200%2C582&ssl=1&resize=350%2C200 1x, https:\/\/i0.wp.com\/karin-rehnqvist.se\/eng\/wp-content\/uploads\/2024\/01\/bakgr-konst_4.jpg?fit=1200%2C582&ssl=1&resize=525%2C300 1.5x, https:\/\/i0.wp.com\/karin-rehnqvist.se\/eng\/wp-content\/uploads\/2024\/01\/bakgr-konst_4.jpg?fit=1200%2C582&ssl=1&resize=700%2C400 2x, https:\/\/i0.wp.com\/karin-rehnqvist.se\/eng\/wp-content\/uploads\/2024\/01\/bakgr-konst_4.jpg?fit=1200%2C582&ssl=1&resize=1050%2C600 3x"},"classes":[]},{"id":1362,"url":"https:\/\/karin-rehnqvist.se\/eng\/autumn-2016\/","url_meta":{"origin":3419,"position":2},"title":"Autumn 2016","author":"admin2","date":"December 12, 2016","format":false,"excerpt":"\u00a0 Friday\u00a019 August\u00a02016, 4 pm, Oslo\u00a0\u2013\u00a0Europan Premiere Saturday\u00a027 August 2016, 8 pm,\u00a0Helsinki The Nordic Choir Expedition Davids nimm, version for three\u00a0solor\u00a0voices\u00a0and ladies choir from\u00a01984\u00a0 Maria Den\u00e9rus, Helena Str\u00f6berg, sopranos, Maria Erlan Carlson, mezzo Eric Ericson Chamber Choir Florian Benfer,\u00a0cond. More info\u00a0\u203a 16 September 2016,\u00a08 pm Ren Rehnqvist, Absolutt Alpaca \u2013\u00a0a\u2026","rel":"","context":"In &quot;Latest&quot;","block_context":{"text":"Latest","link":"https:\/\/karin-rehnqvist.se\/eng\/category\/latest\/"},"img":{"alt_text":"ren-rehnqvist","src":"https:\/\/i0.wp.com\/karin-rehnqvist.se\/wp-content\/uploads\/Ren-Rehnqvist.png?resize=350%2C200","width":350,"height":200},"classes":[]},{"id":3702,"url":"https:\/\/karin-rehnqvist.se\/eng\/spring-2025\/","url_meta":{"origin":3419,"position":3},"title":"Spring 2025","author":"admin2","date":"February 7, 2025","format":false,"excerpt":"1 January 2025Day is here!YouTube releaseDet Norske Solistkor, Ensemble Allegria, Grete Pedersen, conductor 28 January 2025\u2026and so the day endsStockholm Saxophone Quartet\u00a0Atalante, Gothenburg, 7 pm 6 February 2025\u00a0Breaking the ice,\u00a0from Arktis Arktis!V\u00e4ster\u00e5s Sinfonietta, Tobias Ringborg, conductorV\u00e4ster\u00e5s Concert Hall, V\u00e4ster\u00e5s, Sweden, 7 pm 7 February 2025Silent Earth\u00a0\u2013 release album, Footprint Records\/NaxosSwedish\u2026","rel":"","context":"In &quot;Latest&quot;","block_context":{"text":"Latest","link":"https:\/\/karin-rehnqvist.se\/eng\/category\/latest\/"},"img":{"alt_text":"","src":"https:\/\/i0.wp.com\/karin-rehnqvist.se\/eng\/wp-content\/uploads\/2025\/02\/kvinnoansikte_profilgen_bla.jpg?fit=1200%2C622&ssl=1&resize=350%2C200","width":350,"height":200,"srcset":"https:\/\/i0.wp.com\/karin-rehnqvist.se\/eng\/wp-content\/uploads\/2025\/02\/kvinnoansikte_profilgen_bla.jpg?fit=1200%2C622&ssl=1&resize=350%2C200 1x, https:\/\/i0.wp.com\/karin-rehnqvist.se\/eng\/wp-content\/uploads\/2025\/02\/kvinnoansikte_profilgen_bla.jpg?fit=1200%2C622&ssl=1&resize=525%2C300 1.5x, https:\/\/i0.wp.com\/karin-rehnqvist.se\/eng\/wp-content\/uploads\/2025\/02\/kvinnoansikte_profilgen_bla.jpg?fit=1200%2C622&ssl=1&resize=700%2C400 2x, https:\/\/i0.wp.com\/karin-rehnqvist.se\/eng\/wp-content\/uploads\/2025\/02\/kvinnoansikte_profilgen_bla.jpg?fit=1200%2C622&ssl=1&resize=1050%2C600 3x"},"classes":[]},{"id":1725,"url":"https:\/\/karin-rehnqvist.se\/eng\/jag-lyfter-mina-hander\/","url_meta":{"origin":3419,"position":4},"title":"I RAISE MY HANDS","author":"admin2","date":"October 21, 2018","format":false,"excerpt":"I RAISE MY HANDS (JAG LYFTER MINA H\u00c4NDER) for mixed choir Based on a Swedish folk hymn Duration ca 4 min. This piece is dedicated to the choral conductor and music pedagogue Bo Johansson (1943\u20132016). Bo founded the Adolf Fredrik\u2019s Girls\u2019 Choir, which he led for 38 years. The choir\u2026","rel":"","context":"In &quot;Programme notes&quot;","block_context":{"text":"Programme notes","link":"https:\/\/karin-rehnqvist.se\/eng\/category\/programme-notes\/"},"img":{"alt_text":"","src":"","width":0,"height":0},"classes":[]},{"id":1127,"url":"https:\/\/karin-rehnqvist.se\/eng\/varldsklockan-the-word-clock\/","url_meta":{"origin":3419,"position":5},"title":"V\u00c4RLDSKLOCKAN\u00a0\/ THE WORLD CLOCK","author":"admin2","date":"January 28, 2016","format":false,"excerpt":"Composing for voices and instruments interests me very much. How can you make them melt together? How do voices and instruments colour each other\u2019s sound? \u00a0 The register of the cello is roughly the span of the mixed choir: from the second basses\u2019 low C up to the sopranos\u2019 highest\u2026","rel":"","context":"In &quot;Programme notes&quot;","block_context":{"text":"Programme notes","link":"https:\/\/karin-rehnqvist.se\/eng\/category\/programme-notes\/"},"img":{"alt_text":"","src":"","width":0,"height":0},"classes":[]}],"_links":{"self":[{"href":"https:\/\/karin-rehnqvist.se\/eng\/wp-json\/wp\/v2\/posts\/3419","targetHints":{"allow":["GET"]}}],"collection":[{"href":"https:\/\/karin-rehnqvist.se\/eng\/wp-json\/wp\/v2\/posts"}],"about":[{"href":"https:\/\/karin-rehnqvist.se\/eng\/wp-json\/wp\/v2\/types\/post"}],"author":[{"embeddable":true,"href":"https:\/\/karin-rehnqvist.se\/eng\/wp-json\/wp\/v2\/users\/1"}],"replies":[{"embeddable":true,"href":"https:\/\/karin-rehnqvist.se\/eng\/wp-json\/wp\/v2\/comments?post=3419"}],"version-history":[{"count":31,"href":"https:\/\/karin-rehnqvist.se\/eng\/wp-json\/wp\/v2\/posts\/3419\/revisions"}],"predecessor-version":[{"id":3563,"href":"https:\/\/karin-rehnqvist.se\/eng\/wp-json\/wp\/v2\/posts\/3419\/revisions\/3563"}],"wp:featuredmedia":[{"embeddable":true,"href":"https:\/\/karin-rehnqvist.se\/eng\/wp-json\/wp\/v2\/media\/3431"}],"wp:attachment":[{"href":"https:\/\/karin-rehnqvist.se\/eng\/wp-json\/wp\/v2\/media?parent=3419"}],"wp:term":[{"taxonomy":"category","embeddable":true,"href":"https:\/\/karin-rehnqvist.se\/eng\/wp-json\/wp\/v2\/categories?post=3419"},{"taxonomy":"post_tag","embeddable":true,"href":"https:\/\/karin-rehnqvist.se\/eng\/wp-json\/wp\/v2\/tags?post=3419"}],"curies":[{"name":"wp","href":"https:\/\/api.w.org\/{rel}","templated":true}]}}