{"id":2778,"date":"2023-10-20T10:50:00","date_gmt":"2023-10-20T09:50:00","guid":{"rendered":"https:\/\/karin-rehnqvist.se\/eng\/?p=2778"},"modified":"2023-10-21T11:03:34","modified_gmt":"2023-10-21T10:03:34","slug":"wiegenlieder-im-all","status":"publish","type":"post","link":"https:\/\/karin-rehnqvist.se\/eng\/wiegenlieder-im-all\/","title":{"rendered":"WIEGENLIEDER IM ALL"},"content":{"rendered":"\n<p><br>WIEGENLIEDER IM ALL\/ LULLABIES IN SPACE <\/p>\n\n\n\n<p>For mixed choir and blackcap obbligato<br>Duration: c. 7 min.<br>Texts in Swedish and German<\/p>\n\n\n\n<p>From an old Swedish folk hymn, cradle songs grow, unfurling into the world, into space. Their melodies meet and intertwine. Sounds and phrases mingle. All is quiet, full of hope and trust.<\/p>\n\n\n\n<p>The lullaby and the prayer are among the oldest musical utterances of humankind. Since the beginning, we have quieted and comforted our children by singing them to sleep. In prayer and stillness, we have found strength and asked for help in hard and confusing times.<\/p>\n\n\n\n<p>Now is such a time: a hard time of pandemic, war, and climate crisis.<\/p>\n\n\n\n<p>The social body is vulnerable. People are vulnerable. We need tender music.<\/p>\n\n\n\n<p><br>Karin Rehnqvist<br>4 April 2022<\/p>\n\n\n\n<p>_______<\/p>\n\n\n\n<p>The piece includes a soundtrack of a blackcap bird\u2019s song. It was recorded by Sten Wahlstr\u00f6m for Radio Sweden and edited by Erik Klinga.<\/p>\n\n\n\n<p><em>Wiegenlieder im All<\/em>&nbsp;was composed for and commissioned by the Neuer Kammerchor Berlin.<br>Its first performance was on 7 May 2022 in the St. Matth\u00e4us Church, Berlin, conducted by Adrian Emans.<\/p>\n\n\n\n<h3 class=\"wp-block-heading\"><br>Texts<\/h3>\n\n\n\n<p>1. Die Erde ruhet stille,<br>die Luft ist k\u00fchl und dunkel,<br>alle W\u00e4lder schlafen s\u00fc.;<br>und du, mein Kind, sollst schlafen,<br>alle Wolken und alle V\u00f6gel schlafen,<br>Tr\u00e4um sch\u00f6n bis morgen,<br>wenn die Sonne wieder scheint.<\/p>\n\n\n\n<p>2. Der Mond schwebt still in der Nacht.<br>Der Himmel schimmert von Sternen,<br>und die Planeten gr\u00fc.en uns aus der Ferne.<br>Es leuchtet \u00fcber dir.<br>Es schimmert \u00fcber dir und mir.<\/p>\n\n\n\n<p>3. Schlaf ein, kleines Federkind,<br>Schlaf ein, schlaf sch\u00f6n.<br>Morgen fliegen wir mit dem Winde,<br>morgen fliegen wir weit hinaus;<br>\u00fcber Berge und Fl\u00fcsse,<br>\u00fcber St\u00e4dte und K\u00fche;<br>dann, ganz ohne M\u00fche,<br>sind wir wieder zuhaus\u2019.<br>Schlaf ein, schlaf sch\u00f6n.<\/p>\n\n\n\n<p><em>\u2013 Karin Rehnqvist<\/em><br><br><\/p>\n","protected":false},"excerpt":{"rendered":"<p>WIEGENLIEDER IM ALL\/ LULLABIES IN SPACE For mixed choir and blackcap obbligatoDuration: c. 7 min.Texts in Swedish and German From an old Swedish <\/p>\n","protected":false},"author":1,"featured_media":2250,"comment_status":"closed","ping_status":"open","sticky":false,"template":"","format":"standard","meta":{"ngg_post_thumbnail":0,"jetpack_post_was_ever_published":false,"_jetpack_newsletter_access":"","_jetpack_dont_email_post_to_subs":false,"_jetpack_newsletter_tier_id":0,"_jetpack_memberships_contains_paywalled_content":false,"_jetpack_memberships_contains_paid_content":false,"footnotes":"","jetpack_publicize_message":"","jetpack_publicize_feature_enabled":true,"jetpack_social_post_already_shared":true,"jetpack_social_options":{"image_generator_settings":{"template":"highway","default_image_id":0,"font":"","enabled":false},"version":2}},"categories":[22],"tags":[],"class_list":["post-2778","post","type-post","status-publish","format-standard","has-post-thumbnail","hentry","category-programme-notes"],"jetpack_publicize_connections":[],"jetpack_featured_media_url":"https:\/\/i0.wp.com\/karin-rehnqvist.se\/eng\/wp-content\/uploads\/2021\/09\/programme-note_cirkel_1A.png?fit=567%2C358&ssl=1","jetpack_sharing_enabled":true,"jetpack_shortlink":"https:\/\/wp.me\/p79arM-IO","jetpack-related-posts":[{"id":4024,"url":"https:\/\/karin-rehnqvist.se\/eng\/autumn-2025\/","url_meta":{"origin":2778,"position":0},"title":"Autumn 2025","author":"admin2","date":"September 3, 2025","format":false,"excerpt":"9 August 2025When I close my eyes I dream of peaceThe Swedish National Youth Choir, The Norwegian National Youth Choir, The Finnish National Youth ChoirFlorian Benfer, conductor, Malva Pentik\u00e4inen, Hanna Balsnes, Maria Yefanova, subconductorsNordklang Festival and Norbusang Festival, Oslo Cathedral, 7.00 pm 10 August 2025David's NimmDREI:st EnsembleSt. George\u2019s Church, Parchim,\u2026","rel":"","context":"In &quot;Latest&quot;","block_context":{"text":"Latest","link":"https:\/\/karin-rehnqvist.se\/eng\/category\/latest\/"},"img":{"alt_text":"","src":"https:\/\/i0.wp.com\/karin-rehnqvist.se\/eng\/wp-content\/uploads\/2025\/09\/bakgr_abstr_kalendarium25namnteckn_2.jpg?fit=1200%2C643&ssl=1&resize=350%2C200","width":350,"height":200,"srcset":"https:\/\/i0.wp.com\/karin-rehnqvist.se\/eng\/wp-content\/uploads\/2025\/09\/bakgr_abstr_kalendarium25namnteckn_2.jpg?fit=1200%2C643&ssl=1&resize=350%2C200 1x, https:\/\/i0.wp.com\/karin-rehnqvist.se\/eng\/wp-content\/uploads\/2025\/09\/bakgr_abstr_kalendarium25namnteckn_2.jpg?fit=1200%2C643&ssl=1&resize=525%2C300 1.5x, https:\/\/i0.wp.com\/karin-rehnqvist.se\/eng\/wp-content\/uploads\/2025\/09\/bakgr_abstr_kalendarium25namnteckn_2.jpg?fit=1200%2C643&ssl=1&resize=700%2C400 2x, https:\/\/i0.wp.com\/karin-rehnqvist.se\/eng\/wp-content\/uploads\/2025\/09\/bakgr_abstr_kalendarium25namnteckn_2.jpg?fit=1200%2C643&ssl=1&resize=1050%2C600 3x"},"classes":[]},{"id":1025,"url":"https:\/\/karin-rehnqvist.se\/eng\/mixed-chorus\/","url_meta":{"origin":2778,"position":1},"title":"Mixed chorus","author":"admin2","date":"January 26, 2016","format":false,"excerpt":"Easy: SONGS FROM THE EARTH (S\u00e5nger ur jorden) (1992\/2008), 6' for mixed chorus 1. Night on our earth (Natt \u00f6ver jorden) 2. Do not fear the darkness (Var inte r\u00e4dd f\u00f6r m\u00f6rkret). Text: Erik Blomberg. Singable text in Swedish and English. Ed. Reimers Lyrics\u00a0|\u00a0\u00a0Score sample: Night on our Earth\u00a0|\u00a0\u00a0Score sample:\u2026","rel":"","context":"In &quot;Complete worklist&quot;","block_context":{"text":"Complete worklist","link":"https:\/\/karin-rehnqvist.se\/eng\/category\/complete-worklist\/"},"img":{"alt_text":"","src":"https:\/\/i0.wp.com\/karin-rehnqvist.se\/eng\/wp-content\/uploads\/2015\/06\/KR-noter_choir_orange.jpg?fit=900%2C659&ssl=1&resize=350%2C200","width":350,"height":200,"srcset":"https:\/\/i0.wp.com\/karin-rehnqvist.se\/eng\/wp-content\/uploads\/2015\/06\/KR-noter_choir_orange.jpg?fit=900%2C659&ssl=1&resize=350%2C200 1x, https:\/\/i0.wp.com\/karin-rehnqvist.se\/eng\/wp-content\/uploads\/2015\/06\/KR-noter_choir_orange.jpg?fit=900%2C659&ssl=1&resize=525%2C300 1.5x, https:\/\/i0.wp.com\/karin-rehnqvist.se\/eng\/wp-content\/uploads\/2015\/06\/KR-noter_choir_orange.jpg?fit=900%2C659&ssl=1&resize=700%2C400 2x"},"classes":[]},{"id":3419,"url":"https:\/\/karin-rehnqvist.se\/eng\/autumn-2024\/","url_meta":{"origin":2778,"position":2},"title":"Autumn 2024","author":"admin2","date":"September 6, 2024","format":false,"excerpt":"11 August 2024 VaultsStockholm Chamber BrassGamle Aker Kirke, Oslo 16\u201317 August 2024NYTT Festival16\/8: The DreamMonica Danielsson, song, Christian Berg, celloTransj\u00f6 Folkets Hus, 6.30 pm 17\/8: \u201dTo be a composer\u201d \u2013 music and talk with Karin Rehnqvist and Josef S\u00f6reke\u00a0Galleri S\u00f6reskog, Berg, 4 pm 17\/8: Psalm ur nattenJ\u00f6rgen Pettersson, saxophoneThe DreamMonica\u2026","rel":"","context":"In &quot;Latest&quot;","block_context":{"text":"Latest","link":"https:\/\/karin-rehnqvist.se\/eng\/category\/latest\/"},"img":{"alt_text":"","src":"https:\/\/i0.wp.com\/karin-rehnqvist.se\/eng\/wp-content\/uploads\/2024\/09\/faglarnotsymboler.jpg?fit=1200%2C730&ssl=1&resize=350%2C200","width":350,"height":200,"srcset":"https:\/\/i0.wp.com\/karin-rehnqvist.se\/eng\/wp-content\/uploads\/2024\/09\/faglarnotsymboler.jpg?fit=1200%2C730&ssl=1&resize=350%2C200 1x, https:\/\/i0.wp.com\/karin-rehnqvist.se\/eng\/wp-content\/uploads\/2024\/09\/faglarnotsymboler.jpg?fit=1200%2C730&ssl=1&resize=525%2C300 1.5x, https:\/\/i0.wp.com\/karin-rehnqvist.se\/eng\/wp-content\/uploads\/2024\/09\/faglarnotsymboler.jpg?fit=1200%2C730&ssl=1&resize=700%2C400 2x, https:\/\/i0.wp.com\/karin-rehnqvist.se\/eng\/wp-content\/uploads\/2024\/09\/faglarnotsymboler.jpg?fit=1200%2C730&ssl=1&resize=1050%2C600 3x"},"classes":[]},{"id":3104,"url":"https:\/\/karin-rehnqvist.se\/eng\/spring-2024\/","url_meta":{"origin":2778,"position":3},"title":"Spring 2024","author":"admin2","date":"January 26, 2024","format":false,"excerpt":"13 January 2024The Riddle \u2013 at String Quartet BiennaleQuat\u00f3r MetamorphosesCit\u00e9 de la Musique, Paris 23 January 2024Rescue me from sinking in the mireAlexandra Zetterstr\u00f6m B\u00fcchel, voice, Ilta Attila, alto saxophoneMusiikkitalo (The Music House), Helsinki 9 February 2024Night on our earthKammerchor der Universit\u00e4t Hamburg, Thomas Posth, conductorLaeiszhalle, Hamburg, 8 pm 10\u2026","rel":"","context":"In &quot;Latest&quot;","block_context":{"text":"Latest","link":"https:\/\/karin-rehnqvist.se\/eng\/category\/latest\/"},"img":{"alt_text":"","src":"https:\/\/i0.wp.com\/karin-rehnqvist.se\/eng\/wp-content\/uploads\/2024\/01\/bakgr-konst_4.jpg?fit=1200%2C582&ssl=1&resize=350%2C200","width":350,"height":200,"srcset":"https:\/\/i0.wp.com\/karin-rehnqvist.se\/eng\/wp-content\/uploads\/2024\/01\/bakgr-konst_4.jpg?fit=1200%2C582&ssl=1&resize=350%2C200 1x, https:\/\/i0.wp.com\/karin-rehnqvist.se\/eng\/wp-content\/uploads\/2024\/01\/bakgr-konst_4.jpg?fit=1200%2C582&ssl=1&resize=525%2C300 1.5x, https:\/\/i0.wp.com\/karin-rehnqvist.se\/eng\/wp-content\/uploads\/2024\/01\/bakgr-konst_4.jpg?fit=1200%2C582&ssl=1&resize=700%2C400 2x, https:\/\/i0.wp.com\/karin-rehnqvist.se\/eng\/wp-content\/uploads\/2024\/01\/bakgr-konst_4.jpg?fit=1200%2C582&ssl=1&resize=1050%2C600 3x"},"classes":[]},{"id":3702,"url":"https:\/\/karin-rehnqvist.se\/eng\/spring-2025\/","url_meta":{"origin":2778,"position":4},"title":"Spring 2025","author":"admin2","date":"February 7, 2025","format":false,"excerpt":"1 January 2025Day is here!YouTube releaseDet Norske Solistkor, Ensemble Allegria, Grete Pedersen, conductor 28 January 2025\u2026and so the day endsStockholm Saxophone Quartet\u00a0Atalante, Gothenburg, 7 pm 6 February 2025\u00a0Breaking the ice,\u00a0from Arktis Arktis!V\u00e4ster\u00e5s Sinfonietta, Tobias Ringborg, conductorV\u00e4ster\u00e5s Concert Hall, V\u00e4ster\u00e5s, Sweden, 7 pm 7 February 2025Silent Earth\u00a0\u2013 release album, Footprint Records\/NaxosSwedish\u2026","rel":"","context":"In &quot;Latest&quot;","block_context":{"text":"Latest","link":"https:\/\/karin-rehnqvist.se\/eng\/category\/latest\/"},"img":{"alt_text":"","src":"https:\/\/i0.wp.com\/karin-rehnqvist.se\/eng\/wp-content\/uploads\/2025\/02\/kvinnoansikte_profilgen_bla.jpg?fit=1200%2C622&ssl=1&resize=350%2C200","width":350,"height":200,"srcset":"https:\/\/i0.wp.com\/karin-rehnqvist.se\/eng\/wp-content\/uploads\/2025\/02\/kvinnoansikte_profilgen_bla.jpg?fit=1200%2C622&ssl=1&resize=350%2C200 1x, https:\/\/i0.wp.com\/karin-rehnqvist.se\/eng\/wp-content\/uploads\/2025\/02\/kvinnoansikte_profilgen_bla.jpg?fit=1200%2C622&ssl=1&resize=525%2C300 1.5x, https:\/\/i0.wp.com\/karin-rehnqvist.se\/eng\/wp-content\/uploads\/2025\/02\/kvinnoansikte_profilgen_bla.jpg?fit=1200%2C622&ssl=1&resize=700%2C400 2x, https:\/\/i0.wp.com\/karin-rehnqvist.se\/eng\/wp-content\/uploads\/2025\/02\/kvinnoansikte_profilgen_bla.jpg?fit=1200%2C622&ssl=1&resize=1050%2C600 3x"},"classes":[]},{"id":1638,"url":"https:\/\/karin-rehnqvist.se\/eng\/day-is-here\/","url_meta":{"origin":2778,"position":5},"title":"DAY IS HERE!","author":"admin2","date":"August 12, 2018","format":false,"excerpt":"DAY IS HERE ! for eight solo voices\/double choir and strings Traditional texts by Native Americans (Pawnee, Tohono O\u2019odham, Navajo) and from the Swedish Hymnal Duration ca 20 min Movements 1. Day is here! 2. The morning star is up 3. I himmelen (In heaven\u2019s hall) 4. In beauty may\u2026","rel":"","context":"In &quot;Programme notes&quot;","block_context":{"text":"Programme notes","link":"https:\/\/karin-rehnqvist.se\/eng\/category\/programme-notes\/"},"img":{"alt_text":"","src":"","width":0,"height":0},"classes":[]}],"_links":{"self":[{"href":"https:\/\/karin-rehnqvist.se\/eng\/wp-json\/wp\/v2\/posts\/2778","targetHints":{"allow":["GET"]}}],"collection":[{"href":"https:\/\/karin-rehnqvist.se\/eng\/wp-json\/wp\/v2\/posts"}],"about":[{"href":"https:\/\/karin-rehnqvist.se\/eng\/wp-json\/wp\/v2\/types\/post"}],"author":[{"embeddable":true,"href":"https:\/\/karin-rehnqvist.se\/eng\/wp-json\/wp\/v2\/users\/1"}],"replies":[{"embeddable":true,"href":"https:\/\/karin-rehnqvist.se\/eng\/wp-json\/wp\/v2\/comments?post=2778"}],"version-history":[{"count":3,"href":"https:\/\/karin-rehnqvist.se\/eng\/wp-json\/wp\/v2\/posts\/2778\/revisions"}],"predecessor-version":[{"id":2783,"href":"https:\/\/karin-rehnqvist.se\/eng\/wp-json\/wp\/v2\/posts\/2778\/revisions\/2783"}],"wp:featuredmedia":[{"embeddable":true,"href":"https:\/\/karin-rehnqvist.se\/eng\/wp-json\/wp\/v2\/media\/2250"}],"wp:attachment":[{"href":"https:\/\/karin-rehnqvist.se\/eng\/wp-json\/wp\/v2\/media?parent=2778"}],"wp:term":[{"taxonomy":"category","embeddable":true,"href":"https:\/\/karin-rehnqvist.se\/eng\/wp-json\/wp\/v2\/categories?post=2778"},{"taxonomy":"post_tag","embeddable":true,"href":"https:\/\/karin-rehnqvist.se\/eng\/wp-json\/wp\/v2\/tags?post=2778"}],"curies":[{"name":"wp","href":"https:\/\/api.w.org\/{rel}","templated":true}]}}