{"id":1738,"date":"2018-10-21T17:29:17","date_gmt":"2018-10-21T16:29:17","guid":{"rendered":"http:\/\/karin-rehnqvist.se\/eng\/?p=1738"},"modified":"2021-09-21T21:17:59","modified_gmt":"2021-09-21T20:17:59","slug":"natt-over-jorden-night-on-our-earth","status":"publish","type":"post","link":"https:\/\/karin-rehnqvist.se\/eng\/natt-over-jorden-night-on-our-earth\/","title":{"rendered":"NIGHT ON OUR EARTH"},"content":{"rendered":"<p><strong>NIGHT ON OUR EARTH<\/strong> (NATT \u00d6VER JORDEN)<\/p>\n<p>At night, as the world falls quiet, our hearing sharpens. Our song and speech become gentler, a little softer, attuned to the hush:<\/p>\n<p>Night on our earth now has fallen.<\/p>\n<p>Shimmering starlight sheen! \u2026<\/p>\n<p>I originally composed this piece for children\u2019s choir. It begins with a simple tune sung in canon. Then a lower part enters, a swaying ostinato. It repeats over and over.<\/p>\n<p>Fallen, night now has fallen \u2026<\/p>\n<p>Night, stars, darkness, depth: such beautiful, suggestive words about our reality and the voyage we are on together through the universe.<\/p>\n<hr>\n<p><em>Texts:<\/em><\/p>\n<p>Nu \u00e4r det natt \u00f6ver jorden.<\/p>\n<p>Darrande stj\u00e4rna, gl\u00e4ns!<\/p>\n<p>V\u00e4rldarna vandra s\u00e5 fj\u00e4rran.<\/p>\n<p>M\u00f6rkret \u00e4r utan gr\u00e4ns.<\/p>\n<p>Marken och mullen och m\u00f6rkret,<\/p>\n<p>varf\u00f6r \u00e4lskar jag dem?<\/p>\n<p>&#8211; Stj\u00e4rnorna vandra s\u00e5 fj\u00e4rran.<\/p>\n<p>Jorden \u00e4r m\u00e4nniskans hem<\/p>\n<p><em>Erik Blomberg<\/em><\/p>\n<p>&nbsp;<\/p>\n<p>Night on our earth now has fallen.<\/p>\n<p>Shimmering starlight sheen!<\/p>\n<p>Our small worlds wander so distant.<\/p>\n<p>Darkness so endless seems.<\/p>\n<p>Darkness and depth and the dusk hour,<\/p>\n<p>why, why do I love them?<br \/>\nThough the stars wander so distant.<\/p>\n<p>Earth is still our human home.<\/p>\n<p><em>(English translation Linda Schenck)<\/em><\/p>\n<p>&nbsp;<\/p>\n<p>&nbsp;<\/p>\n","protected":false},"excerpt":{"rendered":"<p>NIGHT ON OUR EARTH (NATT \u00d6VER JORDEN) At night, as the world falls quiet, our hearing sharpens. Our song and speech become gentler, <\/p>\n","protected":false},"author":1,"featured_media":2255,"comment_status":"closed","ping_status":"open","sticky":false,"template":"","format":"standard","meta":{"ngg_post_thumbnail":0,"jetpack_post_was_ever_published":false,"_jetpack_newsletter_access":"","_jetpack_dont_email_post_to_subs":false,"_jetpack_newsletter_tier_id":0,"_jetpack_memberships_contains_paywalled_content":false,"_jetpack_memberships_contains_paid_content":false,"footnotes":"","jetpack_publicize_message":"","jetpack_publicize_feature_enabled":true,"jetpack_social_post_already_shared":true,"jetpack_social_options":{"image_generator_settings":{"template":"highway","default_image_id":0,"font":"","enabled":false},"version":2}},"categories":[22],"tags":[],"class_list":["post-1738","post","type-post","status-publish","format-standard","has-post-thumbnail","hentry","category-programme-notes"],"jetpack_publicize_connections":[],"jetpack_featured_media_url":"https:\/\/i0.wp.com\/karin-rehnqvist.se\/eng\/wp-content\/uploads\/2021\/09\/programme-note_cirkel_4A-1.png?fit=576%2C358&ssl=1","jetpack_sharing_enabled":true,"jetpack_shortlink":"https:\/\/wp.me\/p79arM-s2","jetpack-related-posts":[{"id":3622,"url":"https:\/\/karin-rehnqvist.se\/eng\/do-not-fear-the-darkness\/","url_meta":{"origin":1738,"position":0},"title":"Do not fear the darkness","author":"admin2","date":"January 10, 2025","format":false,"excerpt":"Many describe 2024 as a dark year. So much in our world seems to be going in the wrong direction. In the choral piece Do not fear the darkness\/ Var inte r\u00e4dd f\u00f6r m\u00f6rkret a different picture is heard and a different point of view is given. Karin Rehnqvist's choral\u2026","rel":"","context":"In &quot;Latest&quot;","block_context":{"text":"Latest","link":"https:\/\/karin-rehnqvist.se\/eng\/category\/latest\/"},"img":{"alt_text":"","src":"https:\/\/i0.wp.com\/karin-rehnqvist.se\/eng\/wp-content\/uploads\/2025\/01\/Europe_night_NASA_2.png?fit=1200%2C723&ssl=1&resize=350%2C200","width":350,"height":200,"srcset":"https:\/\/i0.wp.com\/karin-rehnqvist.se\/eng\/wp-content\/uploads\/2025\/01\/Europe_night_NASA_2.png?fit=1200%2C723&ssl=1&resize=350%2C200 1x, https:\/\/i0.wp.com\/karin-rehnqvist.se\/eng\/wp-content\/uploads\/2025\/01\/Europe_night_NASA_2.png?fit=1200%2C723&ssl=1&resize=525%2C300 1.5x, https:\/\/i0.wp.com\/karin-rehnqvist.se\/eng\/wp-content\/uploads\/2025\/01\/Europe_night_NASA_2.png?fit=1200%2C723&ssl=1&resize=700%2C400 2x, https:\/\/i0.wp.com\/karin-rehnqvist.se\/eng\/wp-content\/uploads\/2025\/01\/Europe_night_NASA_2.png?fit=1200%2C723&ssl=1&resize=1050%2C600 3x"},"classes":[]},{"id":3702,"url":"https:\/\/karin-rehnqvist.se\/eng\/spring-2025\/","url_meta":{"origin":1738,"position":1},"title":"Spring 2025","author":"admin2","date":"February 7, 2025","format":false,"excerpt":"1 January 2025Day is here!YouTube releaseDet Norske Solistkor, Ensemble Allegria, Grete Pedersen, conductor 28 January 2025\u2026and so the day endsStockholm Saxophone Quartet\u00a0Atalante, Gothenburg, 7 pm 6 February 2025\u00a0Breaking the ice,\u00a0from Arktis Arktis!V\u00e4ster\u00e5s Sinfonietta, Tobias Ringborg, conductorV\u00e4ster\u00e5s Concert Hall, V\u00e4ster\u00e5s, Sweden, 7 pm 7 February 2025Silent Earth\u00a0\u2013 release album, Footprint Records\/NaxosSwedish\u2026","rel":"","context":"In &quot;Latest&quot;","block_context":{"text":"Latest","link":"https:\/\/karin-rehnqvist.se\/eng\/category\/latest\/"},"img":{"alt_text":"","src":"https:\/\/i0.wp.com\/karin-rehnqvist.se\/eng\/wp-content\/uploads\/2025\/02\/kvinnoansikte_profilgen_bla.jpg?fit=1200%2C622&ssl=1&resize=350%2C200","width":350,"height":200,"srcset":"https:\/\/i0.wp.com\/karin-rehnqvist.se\/eng\/wp-content\/uploads\/2025\/02\/kvinnoansikte_profilgen_bla.jpg?fit=1200%2C622&ssl=1&resize=350%2C200 1x, https:\/\/i0.wp.com\/karin-rehnqvist.se\/eng\/wp-content\/uploads\/2025\/02\/kvinnoansikte_profilgen_bla.jpg?fit=1200%2C622&ssl=1&resize=525%2C300 1.5x, https:\/\/i0.wp.com\/karin-rehnqvist.se\/eng\/wp-content\/uploads\/2025\/02\/kvinnoansikte_profilgen_bla.jpg?fit=1200%2C622&ssl=1&resize=700%2C400 2x, https:\/\/i0.wp.com\/karin-rehnqvist.se\/eng\/wp-content\/uploads\/2025\/02\/kvinnoansikte_profilgen_bla.jpg?fit=1200%2C622&ssl=1&resize=1050%2C600 3x"},"classes":[]},{"id":1027,"url":"https:\/\/karin-rehnqvist.se\/eng\/treble-womens-chorus\/","url_meta":{"origin":1738,"position":2},"title":"Treble \/ Women&#8217;s chorus","author":"admin2","date":"January 26, 2016","format":false,"excerpt":"Easy: IT MAKES ME MAD (Jag blir s\u00e5 arg) (2023)x for children\u2019s choir and piano. 3\u2019 Lyrics in Swedish and English Gehrmans Score sample I KNOW, I\u2019M ABLE (Jag vet jag duger) (2023) 2\u2019 for upper voices, piano and alto saxophone. The saxophone part can be replaced by optional instrument.\u2026","rel":"","context":"In &quot;Complete worklist&quot;","block_context":{"text":"Complete worklist","link":"https:\/\/karin-rehnqvist.se\/eng\/category\/complete-worklist\/"},"img":{"alt_text":"","src":"https:\/\/i0.wp.com\/karin-rehnqvist.se\/eng\/wp-content\/uploads\/2015\/06\/KR-noter_choir_orange.jpg?fit=900%2C659&ssl=1&resize=350%2C200","width":350,"height":200,"srcset":"https:\/\/i0.wp.com\/karin-rehnqvist.se\/eng\/wp-content\/uploads\/2015\/06\/KR-noter_choir_orange.jpg?fit=900%2C659&ssl=1&resize=350%2C200 1x, https:\/\/i0.wp.com\/karin-rehnqvist.se\/eng\/wp-content\/uploads\/2015\/06\/KR-noter_choir_orange.jpg?fit=900%2C659&ssl=1&resize=525%2C300 1.5x, https:\/\/i0.wp.com\/karin-rehnqvist.se\/eng\/wp-content\/uploads\/2015\/06\/KR-noter_choir_orange.jpg?fit=900%2C659&ssl=1&resize=700%2C400 2x"},"classes":[]},{"id":2341,"url":"https:\/\/karin-rehnqvist.se\/eng\/songs-between-light-and-darkness\/","url_meta":{"origin":1738,"position":3},"title":"SONGS BETWEEN LIGHT AND DARKNESS","author":"admin2","date":"February 15, 2022","format":false,"excerpt":"I once was asked, \u201cWhat defines the North?\u00a0What is\u00a0Northernness?\u201d \u201cLight, Dark, and Love,\u201d came my spontaneous reply. \u201cThat\u2019s what the North is to me.\u201d Up here, summer and winter are periods when we live in concentrated light or darkness. Spring and fall are times of transition, and we are always\u2026","rel":"","context":"In &quot;Programme notes&quot;","block_context":{"text":"Programme notes","link":"https:\/\/karin-rehnqvist.se\/eng\/category\/programme-notes\/"},"img":{"alt_text":"","src":"https:\/\/i0.wp.com\/karin-rehnqvist.se\/eng\/wp-content\/uploads\/2021\/09\/programme-note_cirkel_3A.png?fit=576%2C358&ssl=1&resize=350%2C200","width":350,"height":200,"srcset":"https:\/\/i0.wp.com\/karin-rehnqvist.se\/eng\/wp-content\/uploads\/2021\/09\/programme-note_cirkel_3A.png?fit=576%2C358&ssl=1&resize=350%2C200 1x, https:\/\/i0.wp.com\/karin-rehnqvist.se\/eng\/wp-content\/uploads\/2021\/09\/programme-note_cirkel_3A.png?fit=576%2C358&ssl=1&resize=525%2C300 1.5x"},"classes":[]},{"id":1025,"url":"https:\/\/karin-rehnqvist.se\/eng\/mixed-chorus\/","url_meta":{"origin":1738,"position":4},"title":"Mixed chorus","author":"admin2","date":"January 26, 2016","format":false,"excerpt":"Easy: SONGS FROM THE EARTH (S\u00e5nger ur jorden) (1992\/2008), 6' for mixed chorus 1. Night on our earth (Natt \u00f6ver jorden) 2. Do not fear the darkness (Var inte r\u00e4dd f\u00f6r m\u00f6rkret). Text: Erik Blomberg. Singable text in Swedish and English. Ed. Reimers Lyrics\u00a0|\u00a0\u00a0Score sample: Night on our Earth\u00a0|\u00a0\u00a0Score sample:\u2026","rel":"","context":"In &quot;Complete worklist&quot;","block_context":{"text":"Complete worklist","link":"https:\/\/karin-rehnqvist.se\/eng\/category\/complete-worklist\/"},"img":{"alt_text":"","src":"https:\/\/i0.wp.com\/karin-rehnqvist.se\/eng\/wp-content\/uploads\/2015\/06\/KR-noter_choir_orange.jpg?fit=900%2C659&ssl=1&resize=350%2C200","width":350,"height":200,"srcset":"https:\/\/i0.wp.com\/karin-rehnqvist.se\/eng\/wp-content\/uploads\/2015\/06\/KR-noter_choir_orange.jpg?fit=900%2C659&ssl=1&resize=350%2C200 1x, https:\/\/i0.wp.com\/karin-rehnqvist.se\/eng\/wp-content\/uploads\/2015\/06\/KR-noter_choir_orange.jpg?fit=900%2C659&ssl=1&resize=525%2C300 1.5x, https:\/\/i0.wp.com\/karin-rehnqvist.se\/eng\/wp-content\/uploads\/2015\/06\/KR-noter_choir_orange.jpg?fit=900%2C659&ssl=1&resize=700%2C400 2x"},"classes":[]},{"id":1725,"url":"https:\/\/karin-rehnqvist.se\/eng\/jag-lyfter-mina-hander\/","url_meta":{"origin":1738,"position":5},"title":"I RAISE MY HANDS","author":"admin2","date":"October 21, 2018","format":false,"excerpt":"I RAISE MY HANDS (JAG LYFTER MINA H\u00c4NDER) for mixed choir Based on a Swedish folk hymn Duration ca 4 min. This piece is dedicated to the choral conductor and music pedagogue Bo Johansson (1943\u20132016). Bo founded the Adolf Fredrik\u2019s Girls\u2019 Choir, which he led for 38 years. The choir\u2026","rel":"","context":"In &quot;Programme notes&quot;","block_context":{"text":"Programme notes","link":"https:\/\/karin-rehnqvist.se\/eng\/category\/programme-notes\/"},"img":{"alt_text":"","src":"","width":0,"height":0},"classes":[]}],"_links":{"self":[{"href":"https:\/\/karin-rehnqvist.se\/eng\/wp-json\/wp\/v2\/posts\/1738","targetHints":{"allow":["GET"]}}],"collection":[{"href":"https:\/\/karin-rehnqvist.se\/eng\/wp-json\/wp\/v2\/posts"}],"about":[{"href":"https:\/\/karin-rehnqvist.se\/eng\/wp-json\/wp\/v2\/types\/post"}],"author":[{"embeddable":true,"href":"https:\/\/karin-rehnqvist.se\/eng\/wp-json\/wp\/v2\/users\/1"}],"replies":[{"embeddable":true,"href":"https:\/\/karin-rehnqvist.se\/eng\/wp-json\/wp\/v2\/comments?post=1738"}],"version-history":[{"count":3,"href":"https:\/\/karin-rehnqvist.se\/eng\/wp-json\/wp\/v2\/posts\/1738\/revisions"}],"predecessor-version":[{"id":2256,"href":"https:\/\/karin-rehnqvist.se\/eng\/wp-json\/wp\/v2\/posts\/1738\/revisions\/2256"}],"wp:featuredmedia":[{"embeddable":true,"href":"https:\/\/karin-rehnqvist.se\/eng\/wp-json\/wp\/v2\/media\/2255"}],"wp:attachment":[{"href":"https:\/\/karin-rehnqvist.se\/eng\/wp-json\/wp\/v2\/media?parent=1738"}],"wp:term":[{"taxonomy":"category","embeddable":true,"href":"https:\/\/karin-rehnqvist.se\/eng\/wp-json\/wp\/v2\/categories?post=1738"},{"taxonomy":"post_tag","embeddable":true,"href":"https:\/\/karin-rehnqvist.se\/eng\/wp-json\/wp\/v2\/tags?post=1738"}],"curies":[{"name":"wp","href":"https:\/\/api.w.org\/{rel}","templated":true}]}}