{"id":1362,"date":"2016-12-12T05:08:06","date_gmt":"2016-12-12T04:08:06","guid":{"rendered":"http:\/\/karin-rehnqvist.se\/eng\/?p=1362"},"modified":"2016-12-12T09:48:41","modified_gmt":"2016-12-12T08:48:41","slug":"autumn-2016","status":"publish","type":"post","link":"https:\/\/karin-rehnqvist.se\/eng\/autumn-2016\/","title":{"rendered":"Autumn 2016"},"content":{"rendered":"<p>&nbsp;<\/p>\n<p><span style=\"color: #ff6600;\">Friday&nbsp;19 August&nbsp;2016, 4 pm, Oslo&nbsp;\u2013&nbsp;<strong>Europan Premiere<\/strong><\/span><br \/>\n<span style=\"color: #ff6600;\">Saturday&nbsp;27 August 2016, 8 pm,&nbsp;Helsinki<\/span><br \/>\n<em>The Nordic Choir Expedition<\/em><\/p>\n<p><strong>Davids nimm, version for three&nbsp;solor&nbsp;voices&nbsp;and ladies choir from&nbsp;1984&nbsp;<\/strong><br \/>\nMaria Den\u00e9rus, Helena Str\u00f6berg, sopranos, Maria Erlan Carlson, mezzo<br \/>\nEric Ericson Chamber Choir<br \/>\nFlorian Benfer,&nbsp;cond.<\/p>\n<p><a href=\"https:\/\/www.facebook.com\/TheNordicChoirExpedition\/?fref=nf\" target=\"_blank\">More info<\/a>&nbsp;\u203a<\/p>\n<hr>\n<p><span style=\"color: #ff6600;\">16 September 2016,&nbsp;8 pm<\/span><\/p>\n<p><strong>Ren Rehnqvist, Absolutt Alpaca \u2013&nbsp;a jubilee concert&nbsp;<\/strong><em><img data-recalc-dims=\"1\" loading=\"lazy\" decoding=\"async\" class=\"wp-image-1214 alignright\" src=\"https:\/\/i0.wp.com\/karin-rehnqvist.se\/wp-content\/uploads\/Ren-Rehnqvist.png?resize=399%2C265\" alt=\"ren-rehnqvist\" width=\"399\" height=\"265\"><\/em><br \/>\n<strong>In Orbit<\/strong>&nbsp;\u2013 <span style=\"color: #800080;\"><b>Premiere<\/b><\/span><br \/>\n<strong>Beginning<\/strong><br \/>\nEnsemble Alpaca + Rolf Borch,&nbsp;clarinets<br \/>\nDokkhuset, Trondheim<\/p>\n<p><a href=\"http:\/\/karin-rehnqvist.se\/nytt-in-orbit-kvartett-i-rorelse\/\">About the piece In Orbit<\/a>&nbsp;\u203a<br \/>\n<a href=\"http:\/\/www.dokkhuset.no\/2016\/07\/absolutt-alpaca-renrehnqvist\/\" target=\"_blank\">More&nbsp;info<\/a>&nbsp;about the concert \u203a<\/p>\n<hr>\n<p><span style=\"color: #ff6600;\">23 September 2016, 6 pm<\/span><\/p>\n<div class=\"\"><strong>When I close my eyes I dream of peace<\/strong><\/div>\n<div class=\"\">H\u00e4gerstens Kammark\u00f6r<br \/>\nKerstin B\u00f6rjeson,&nbsp;cond.<\/div>\n<div class=\"\">Uppenbarelsekyrkan, H\u00e4gersten, Stockholm<\/div>\n<div class=\"\">\n<hr>\n<\/div>\n<p><span style=\"color: #ff6600;\">30 September 2016, 2 pm<\/span><\/p>\n<p><strong>I himmelen\/ In Heaven&#8217;s Hall<\/strong><br \/>\nThe BBC Singers<br \/>\nGrete Pedersen,&nbsp;cond.<br \/>\nSt Paul\u2019s Knightsbridge, London<br \/>\nBroadcasted in&nbsp;\u201cAfternoon on 3\u201d (BBC Radio 3)<\/p>\n<hr>\n<p><span style=\"color: #ff6600;\">14 October&nbsp;2016<\/span><\/p>\n<p><strong>When I close my eyes I dream of peace<\/strong><\/p>\n<p>Schola Cantorum Youth Choir,&nbsp;Norway<br \/>\nTone Bianca Sparre Dahl,&nbsp;cond.<br \/>\nArvika church, Arvika<\/p>\n<hr>\n<p><span style=\"color: #ff6600;\">Friday&nbsp;21 October&nbsp;2016,5.30 pm,&nbsp;Copenhagen<\/span><br \/>\n<span style=\"color: #ff6600;\">Sunday&nbsp;23 October&nbsp;2016, 6 pm,&nbsp;Eric&nbsp;Ericson&nbsp;Hall, Stockholm<\/span><br \/>\n<em>The Nordic Choir Expedition<\/em><\/p>\n<p><strong>Davids nimm, version for three&nbsp;solor&nbsp;voices&nbsp;and ladies choir from&nbsp;1984&nbsp; <\/strong><br \/>\nMaria Den\u00e9rus, Helena Str\u00f6berg, sopran, Maria Erlan Carlson, mezzo<br \/>\nEric Ericson&nbsp;Chamber Choir<br \/>\nFlorian Benfer, cond.<\/p>\n<p><a href=\"https:\/\/www.facebook.com\/TheNordicChoirExpedition\/?fref=nf\" target=\"_blank\">More info<\/a>&nbsp;\u203a<\/p>\n<hr>\n<p><span style=\"color: #ff6600;\">21 October&nbsp;2016, 8 pm,&nbsp;Berlin<\/span><br \/>\n<strong>In Orbit \u2013<\/strong>&nbsp;a moving quartet<br \/>\n<strong>Beginning<br \/>\nOn a distant shore<\/strong><br \/>\nEnsemble Alpaca (Else B\u00f8; piano;&nbsp;Sigrid Elisabeth Stang, violin;&nbsp;Marianne Baudouin Lie, violin cello) + Rolf Borch,&nbsp;clarinets<br \/>\nSpecs On! Festival<br \/>\n<a href=\"http:\/\/www.specson.org\/2016\/index.html\" target=\"_blank\">More info<\/a>&nbsp;\u203a<\/p>\n<hr>\n<p><span style=\"color: #ff6600;\">Sunday&nbsp;4 December,&nbsp;4 pm:&nbsp;First Presbyterian Church of Alameda, Alameda, California \u2013&nbsp;<strong>US&nbsp;Premiere<\/strong><br \/>\nSaturday&nbsp;10 December, 8 pm: St. Mark&#8217;s Episcopal Church, Berkeley, California<br \/>\nSunday&nbsp;11 December, 4 pm: St. Francis Lutheran Church, San Francisco, California<br \/>\n<\/span><\/p>\n<p><strong>When I close my eyes I dream of peace<\/strong><br \/>\nThe chamber choir&nbsp;Sacred and Profane<br \/>\nRebecca Seeman,&nbsp;cond.<\/p>\n<p><a href=\"http:\/\/sacredprofane.org\" target=\"_blank\">More info<\/a>&nbsp;\u203a<\/p>\n<hr>\n<p><span style=\"color: #ff6600;\">Dates to be announced later<\/span><\/p>\n<p><strong>When I close my eyes I dream of peace<\/strong><br \/>\nChristianstads Mottettk\u00f6r, Lena Ekman Frisk,&nbsp;cold.<br \/>\nH\u00e4gerstens Kammark\u00f6r, Kerstin B\u00f6rjeson,&nbsp;cond.<\/p>\n<p>&nbsp;<\/p>\n<p>&nbsp;<\/p>\n<p>&nbsp;<\/p>\n","protected":false},"excerpt":{"rendered":"<p>&nbsp; Friday&nbsp;19 August&nbsp;2016, 4 pm, Oslo&nbsp;\u2013&nbsp;Europan Premiere Saturday&nbsp;27 August 2016, 8 pm,&nbsp;Helsinki The Nordic Choir Expedition Davids nimm, version for three&nbsp;solor&nbsp;voices&nbsp;and ladies choir <\/p>\n","protected":false},"author":1,"featured_media":0,"comment_status":"closed","ping_status":"open","sticky":false,"template":"","format":"standard","meta":{"ngg_post_thumbnail":0,"jetpack_post_was_ever_published":false,"_jetpack_newsletter_access":"","_jetpack_dont_email_post_to_subs":true,"_jetpack_newsletter_tier_id":0,"_jetpack_memberships_contains_paywalled_content":false,"_jetpack_memberships_contains_paid_content":false,"footnotes":"","jetpack_publicize_message":"","jetpack_publicize_feature_enabled":true,"jetpack_social_post_already_shared":true,"jetpack_social_options":{"image_generator_settings":{"template":"highway","default_image_id":0,"font":"","enabled":false},"version":2}},"categories":[4],"tags":[],"class_list":["post-1362","post","type-post","status-publish","format-standard","hentry","category-latest"],"jetpack_publicize_connections":[],"jetpack_featured_media_url":"","jetpack_sharing_enabled":true,"jetpack_shortlink":"https:\/\/wp.me\/p79arM-lY","jetpack-related-posts":[{"id":3702,"url":"https:\/\/karin-rehnqvist.se\/eng\/spring-2025\/","url_meta":{"origin":1362,"position":0},"title":"Spring 2025","author":"admin2","date":"February 7, 2025","format":false,"excerpt":"1 January 2025Day is here!YouTube releaseDet Norske Solistkor, Ensemble Allegria, Grete Pedersen, conductor 28 January 2025\u2026and so the day endsStockholm Saxophone Quartet\u00a0Atalante, Gothenburg, 7 pm 6 February 2025\u00a0Breaking the ice,\u00a0from Arktis Arktis!V\u00e4ster\u00e5s Sinfonietta, Tobias Ringborg, conductorV\u00e4ster\u00e5s Concert Hall, V\u00e4ster\u00e5s, Sweden, 7 pm 7 February 2025Silent Earth\u00a0\u2013 release album, Footprint Records\/NaxosSwedish\u2026","rel":"","context":"In &quot;Latest&quot;","block_context":{"text":"Latest","link":"https:\/\/karin-rehnqvist.se\/eng\/category\/latest\/"},"img":{"alt_text":"","src":"https:\/\/i0.wp.com\/karin-rehnqvist.se\/eng\/wp-content\/uploads\/2025\/02\/kvinnoansikte_profilgen_bla.jpg?fit=1200%2C622&ssl=1&resize=350%2C200","width":350,"height":200,"srcset":"https:\/\/i0.wp.com\/karin-rehnqvist.se\/eng\/wp-content\/uploads\/2025\/02\/kvinnoansikte_profilgen_bla.jpg?fit=1200%2C622&ssl=1&resize=350%2C200 1x, https:\/\/i0.wp.com\/karin-rehnqvist.se\/eng\/wp-content\/uploads\/2025\/02\/kvinnoansikte_profilgen_bla.jpg?fit=1200%2C622&ssl=1&resize=525%2C300 1.5x, https:\/\/i0.wp.com\/karin-rehnqvist.se\/eng\/wp-content\/uploads\/2025\/02\/kvinnoansikte_profilgen_bla.jpg?fit=1200%2C622&ssl=1&resize=700%2C400 2x, https:\/\/i0.wp.com\/karin-rehnqvist.se\/eng\/wp-content\/uploads\/2025\/02\/kvinnoansikte_profilgen_bla.jpg?fit=1200%2C622&ssl=1&resize=1050%2C600 3x"},"classes":[]},{"id":4024,"url":"https:\/\/karin-rehnqvist.se\/eng\/autumn-2025\/","url_meta":{"origin":1362,"position":1},"title":"Autumn 2025","author":"admin2","date":"September 3, 2025","format":false,"excerpt":"9 August 2025When I close my eyes I dream of peaceThe Swedish National Youth Choir, The Norwegian National Youth Choir, The Finnish National Youth ChoirFlorian Benfer, conductor, Malva Pentik\u00e4inen, Hanna Balsnes, Maria Yefanova, subconductorsNordklang Festival and Norbusang Festival, Oslo Cathedral, 7.00 pm 10 August 2025David's NimmDREI:st EnsembleSt. George\u2019s Church, Parchim,\u2026","rel":"","context":"In &quot;Latest&quot;","block_context":{"text":"Latest","link":"https:\/\/karin-rehnqvist.se\/eng\/category\/latest\/"},"img":{"alt_text":"","src":"https:\/\/i0.wp.com\/karin-rehnqvist.se\/eng\/wp-content\/uploads\/2025\/09\/bakgr_abstr_kalendarium25namnteckn_2.jpg?fit=1200%2C643&ssl=1&resize=350%2C200","width":350,"height":200,"srcset":"https:\/\/i0.wp.com\/karin-rehnqvist.se\/eng\/wp-content\/uploads\/2025\/09\/bakgr_abstr_kalendarium25namnteckn_2.jpg?fit=1200%2C643&ssl=1&resize=350%2C200 1x, https:\/\/i0.wp.com\/karin-rehnqvist.se\/eng\/wp-content\/uploads\/2025\/09\/bakgr_abstr_kalendarium25namnteckn_2.jpg?fit=1200%2C643&ssl=1&resize=525%2C300 1.5x, https:\/\/i0.wp.com\/karin-rehnqvist.se\/eng\/wp-content\/uploads\/2025\/09\/bakgr_abstr_kalendarium25namnteckn_2.jpg?fit=1200%2C643&ssl=1&resize=700%2C400 2x, https:\/\/i0.wp.com\/karin-rehnqvist.se\/eng\/wp-content\/uploads\/2025\/09\/bakgr_abstr_kalendarium25namnteckn_2.jpg?fit=1200%2C643&ssl=1&resize=1050%2C600 3x"},"classes":[]},{"id":3104,"url":"https:\/\/karin-rehnqvist.se\/eng\/spring-2024\/","url_meta":{"origin":1362,"position":2},"title":"Spring 2024","author":"admin2","date":"January 26, 2024","format":false,"excerpt":"13 January 2024The Riddle \u2013 at String Quartet BiennaleQuat\u00f3r MetamorphosesCit\u00e9 de la Musique, Paris 23 January 2024Rescue me from sinking in the mireAlexandra Zetterstr\u00f6m B\u00fcchel, voice, Ilta Attila, alto saxophoneMusiikkitalo (The Music House), Helsinki 9 February 2024Night on our earthKammerchor der Universit\u00e4t Hamburg, Thomas Posth, conductorLaeiszhalle, Hamburg, 8 pm 10\u2026","rel":"","context":"In &quot;Latest&quot;","block_context":{"text":"Latest","link":"https:\/\/karin-rehnqvist.se\/eng\/category\/latest\/"},"img":{"alt_text":"","src":"https:\/\/i0.wp.com\/karin-rehnqvist.se\/eng\/wp-content\/uploads\/2024\/01\/bakgr-konst_4.jpg?fit=1200%2C582&ssl=1&resize=350%2C200","width":350,"height":200,"srcset":"https:\/\/i0.wp.com\/karin-rehnqvist.se\/eng\/wp-content\/uploads\/2024\/01\/bakgr-konst_4.jpg?fit=1200%2C582&ssl=1&resize=350%2C200 1x, https:\/\/i0.wp.com\/karin-rehnqvist.se\/eng\/wp-content\/uploads\/2024\/01\/bakgr-konst_4.jpg?fit=1200%2C582&ssl=1&resize=525%2C300 1.5x, https:\/\/i0.wp.com\/karin-rehnqvist.se\/eng\/wp-content\/uploads\/2024\/01\/bakgr-konst_4.jpg?fit=1200%2C582&ssl=1&resize=700%2C400 2x, https:\/\/i0.wp.com\/karin-rehnqvist.se\/eng\/wp-content\/uploads\/2024\/01\/bakgr-konst_4.jpg?fit=1200%2C582&ssl=1&resize=1050%2C600 3x"},"classes":[]},{"id":958,"url":"https:\/\/karin-rehnqvist.se\/eng\/spring-2016\/","url_meta":{"origin":1362,"position":3},"title":"Spring 2016","author":"admin2","date":"January 23, 2016","format":false,"excerpt":"When I close my eyes, I dream of peace \u2013\u00a0a piece for mixed choir in many languages.\u00a0My peace project. The title and text of this piece is only one sentence long. I found it in a book, said by an unidentified 11-year-old Croatian boy during the Balkan Wars. The sentence\u2026","rel":"","context":"In &quot;Latest&quot;","block_context":{"text":"Latest","link":"https:\/\/karin-rehnqvist.se\/eng\/category\/latest\/"},"img":{"alt_text":"","src":"https:\/\/i0.wp.com\/karin-rehnqvist.se\/eng\/wp-content\/uploads\/2016\/01\/KR_namnteckn_noter4_gr%C3%B6n.jpg?fit=1134%2C735&ssl=1&resize=350%2C200","width":350,"height":200,"srcset":"https:\/\/i0.wp.com\/karin-rehnqvist.se\/eng\/wp-content\/uploads\/2016\/01\/KR_namnteckn_noter4_gr%C3%B6n.jpg?fit=1134%2C735&ssl=1&resize=350%2C200 1x, https:\/\/i0.wp.com\/karin-rehnqvist.se\/eng\/wp-content\/uploads\/2016\/01\/KR_namnteckn_noter4_gr%C3%B6n.jpg?fit=1134%2C735&ssl=1&resize=525%2C300 1.5x, https:\/\/i0.wp.com\/karin-rehnqvist.se\/eng\/wp-content\/uploads\/2016\/01\/KR_namnteckn_noter4_gr%C3%B6n.jpg?fit=1134%2C735&ssl=1&resize=700%2C400 2x, https:\/\/i0.wp.com\/karin-rehnqvist.se\/eng\/wp-content\/uploads\/2016\/01\/KR_namnteckn_noter4_gr%C3%B6n.jpg?fit=1134%2C735&ssl=1&resize=1050%2C600 3x"},"classes":[]},{"id":3419,"url":"https:\/\/karin-rehnqvist.se\/eng\/autumn-2024\/","url_meta":{"origin":1362,"position":4},"title":"Autumn 2024","author":"admin2","date":"September 6, 2024","format":false,"excerpt":"11 August 2024 VaultsStockholm Chamber BrassGamle Aker Kirke, Oslo 16\u201317 August 2024NYTT Festival16\/8: The DreamMonica Danielsson, song, Christian Berg, celloTransj\u00f6 Folkets Hus, 6.30 pm 17\/8: \u201dTo be a composer\u201d \u2013 music and talk with Karin Rehnqvist and Josef S\u00f6reke\u00a0Galleri S\u00f6reskog, Berg, 4 pm 17\/8: Psalm ur nattenJ\u00f6rgen Pettersson, saxophoneThe DreamMonica\u2026","rel":"","context":"In &quot;Latest&quot;","block_context":{"text":"Latest","link":"https:\/\/karin-rehnqvist.se\/eng\/category\/latest\/"},"img":{"alt_text":"","src":"https:\/\/i0.wp.com\/karin-rehnqvist.se\/eng\/wp-content\/uploads\/2024\/09\/faglarnotsymboler.jpg?fit=1200%2C730&ssl=1&resize=350%2C200","width":350,"height":200,"srcset":"https:\/\/i0.wp.com\/karin-rehnqvist.se\/eng\/wp-content\/uploads\/2024\/09\/faglarnotsymboler.jpg?fit=1200%2C730&ssl=1&resize=350%2C200 1x, https:\/\/i0.wp.com\/karin-rehnqvist.se\/eng\/wp-content\/uploads\/2024\/09\/faglarnotsymboler.jpg?fit=1200%2C730&ssl=1&resize=525%2C300 1.5x, https:\/\/i0.wp.com\/karin-rehnqvist.se\/eng\/wp-content\/uploads\/2024\/09\/faglarnotsymboler.jpg?fit=1200%2C730&ssl=1&resize=700%2C400 2x, https:\/\/i0.wp.com\/karin-rehnqvist.se\/eng\/wp-content\/uploads\/2024\/09\/faglarnotsymboler.jpg?fit=1200%2C730&ssl=1&resize=1050%2C600 3x"},"classes":[]},{"id":1415,"url":"https:\/\/karin-rehnqvist.se\/eng\/rehnqvist-festival-with-17-works\/","url_meta":{"origin":1362,"position":5},"title":"Rehnqvist festival with 17 works","author":"admin2","date":"February 23, 2017","format":false,"excerpt":"In Troms\u00f8, Norway, Karin Rehnqvist is Composer In Residence at 'the arctic university of Norway', University of Troms\u00f8, up in the North. During the last week of February (20\u201326 Feb) there will be lots of seminars and workshops, rehearsal sessions \u2013 and concerts at The Faculty of Fine Arts. 17\u2026","rel":"","context":"In &quot;Notes&quot;","block_context":{"text":"Notes","link":"https:\/\/karin-rehnqvist.se\/eng\/category\/notes\/"},"img":{"alt_text":"","src":"https:\/\/i0.wp.com\/karin-rehnqvist.se\/eng\/wp-content\/uploads\/2017\/02\/Troms%C3%B8_Rehnqvist.jpg?fit=1134%2C668&ssl=1&resize=350%2C200","width":350,"height":200,"srcset":"https:\/\/i0.wp.com\/karin-rehnqvist.se\/eng\/wp-content\/uploads\/2017\/02\/Troms%C3%B8_Rehnqvist.jpg?fit=1134%2C668&ssl=1&resize=350%2C200 1x, https:\/\/i0.wp.com\/karin-rehnqvist.se\/eng\/wp-content\/uploads\/2017\/02\/Troms%C3%B8_Rehnqvist.jpg?fit=1134%2C668&ssl=1&resize=525%2C300 1.5x, https:\/\/i0.wp.com\/karin-rehnqvist.se\/eng\/wp-content\/uploads\/2017\/02\/Troms%C3%B8_Rehnqvist.jpg?fit=1134%2C668&ssl=1&resize=700%2C400 2x, https:\/\/i0.wp.com\/karin-rehnqvist.se\/eng\/wp-content\/uploads\/2017\/02\/Troms%C3%B8_Rehnqvist.jpg?fit=1134%2C668&ssl=1&resize=1050%2C600 3x"},"classes":[]}],"_links":{"self":[{"href":"https:\/\/karin-rehnqvist.se\/eng\/wp-json\/wp\/v2\/posts\/1362","targetHints":{"allow":["GET"]}}],"collection":[{"href":"https:\/\/karin-rehnqvist.se\/eng\/wp-json\/wp\/v2\/posts"}],"about":[{"href":"https:\/\/karin-rehnqvist.se\/eng\/wp-json\/wp\/v2\/types\/post"}],"author":[{"embeddable":true,"href":"https:\/\/karin-rehnqvist.se\/eng\/wp-json\/wp\/v2\/users\/1"}],"replies":[{"embeddable":true,"href":"https:\/\/karin-rehnqvist.se\/eng\/wp-json\/wp\/v2\/comments?post=1362"}],"version-history":[{"count":7,"href":"https:\/\/karin-rehnqvist.se\/eng\/wp-json\/wp\/v2\/posts\/1362\/revisions"}],"predecessor-version":[{"id":1370,"href":"https:\/\/karin-rehnqvist.se\/eng\/wp-json\/wp\/v2\/posts\/1362\/revisions\/1370"}],"wp:attachment":[{"href":"https:\/\/karin-rehnqvist.se\/eng\/wp-json\/wp\/v2\/media?parent=1362"}],"wp:term":[{"taxonomy":"category","embeddable":true,"href":"https:\/\/karin-rehnqvist.se\/eng\/wp-json\/wp\/v2\/categories?post=1362"},{"taxonomy":"post_tag","embeddable":true,"href":"https:\/\/karin-rehnqvist.se\/eng\/wp-json\/wp\/v2\/tags?post=1362"}],"curies":[{"name":"wp","href":"https:\/\/api.w.org\/{rel}","templated":true}]}}