{"id":1314,"date":"2016-10-20T18:28:55","date_gmt":"2016-10-20T17:28:55","guid":{"rendered":"http:\/\/karin-rehnqvist.se\/eng\/?p=1314"},"modified":"2025-08-17T14:49:25","modified_gmt":"2025-08-17T13:49:25","slug":"when-i-close-my-eyes-i-dream-of-peace-2","status":"publish","type":"post","link":"https:\/\/karin-rehnqvist.se\/eng\/when-i-close-my-eyes-i-dream-of-peace-2\/","title":{"rendered":"When I close my eyes I dream of peace"},"content":{"rendered":"<p class=\"western\"><span style=\"font-family: Times, serif;\"><span style=\"font-size: xx-large;\"><b>When I close my eyes, I dream of peace <\/b><\/span><\/span><\/p>\n<p>for mixed choir in many languages<\/p>\n<p>Duration: 10 minutes<br \/>\n1. Just in English, 4 min<br \/>\n2. In twelve tongues, 6 min<\/p>\n<p>The lyrics in this piece is just one sentence long, said by an eleven year old Croatian boy during the Yugoslav Wars:<br \/>\nWhen I close my eyes, I dream of peace<br \/>\nNo name were to be found where I found this text.<\/p>\n<p>Part 1 \u2013 Just in English is a tunelike mixture of English and onomato-poetic syllables.<br \/>\nPart 2 \u2013 In twelve tongues is sung in different languages where each language has its own melody and character. I have in many cases used scales and rhythms from the corresponding language: In Arabic there is a beautiful Arabic scale, in Swahili the lyrics are sung in a rhythmic, groovy way, in Russian the melody sounds deep and emotional through a male choir, in Swedish the danceble tune is sung in 3\/4 metre, and so on.<\/p>\n<p>This piece is a peace project, so feel free to use it with variation and in a suitable way for your choir. The first part can be sung separately, and as an introduction you may read the lyrics in different languages. The second part can be sung separately as well.<\/p>\n<p>There is a short version available that consists of the second part only, but with an additional introduction.<\/p>\n<p>&nbsp;<\/p>\n<p>19 January, 2016<br \/>\nKarin Rehnqvist<\/p>\n","protected":false},"excerpt":{"rendered":"<p>When I close my eyes, I dream of peace for mixed choir in many languages Duration: 10 minutes 1. Just in English, 4 <\/p>\n","protected":false},"author":1,"featured_media":0,"comment_status":"closed","ping_status":"open","sticky":false,"template":"","format":"standard","meta":{"ngg_post_thumbnail":0,"jetpack_post_was_ever_published":false,"_jetpack_newsletter_access":"","_jetpack_dont_email_post_to_subs":true,"_jetpack_newsletter_tier_id":0,"_jetpack_memberships_contains_paywalled_content":false,"_jetpack_memberships_contains_paid_content":false,"footnotes":"","jetpack_publicize_message":"","jetpack_publicize_feature_enabled":true,"jetpack_social_post_already_shared":true,"jetpack_social_options":{"image_generator_settings":{"template":"highway","default_image_id":0,"font":"","enabled":false},"version":2}},"categories":[22],"tags":[],"class_list":["post-1314","post","type-post","status-publish","format-standard","hentry","category-programme-notes"],"jetpack_publicize_connections":[],"jetpack_featured_media_url":"","jetpack_sharing_enabled":true,"jetpack_shortlink":"https:\/\/wp.me\/p79arM-lc","jetpack-related-posts":[{"id":958,"url":"https:\/\/karin-rehnqvist.se\/eng\/spring-2016\/","url_meta":{"origin":1314,"position":0},"title":"Spring 2016","author":"admin2","date":"January 23, 2016","format":false,"excerpt":"When I close my eyes, I dream of peace \u2013\u00a0a piece for mixed choir in many languages.\u00a0My peace project. The title and text of this piece is only one sentence long. I found it in a book, said by an unidentified 11-year-old Croatian boy during the Balkan Wars. The sentence\u2026","rel":"","context":"In &quot;Latest&quot;","block_context":{"text":"Latest","link":"https:\/\/karin-rehnqvist.se\/eng\/category\/latest\/"},"img":{"alt_text":"","src":"https:\/\/i0.wp.com\/karin-rehnqvist.se\/eng\/wp-content\/uploads\/2016\/01\/KR_namnteckn_noter4_gr%C3%B6n.jpg?fit=1134%2C735&ssl=1&resize=350%2C200","width":350,"height":200,"srcset":"https:\/\/i0.wp.com\/karin-rehnqvist.se\/eng\/wp-content\/uploads\/2016\/01\/KR_namnteckn_noter4_gr%C3%B6n.jpg?fit=1134%2C735&ssl=1&resize=350%2C200 1x, https:\/\/i0.wp.com\/karin-rehnqvist.se\/eng\/wp-content\/uploads\/2016\/01\/KR_namnteckn_noter4_gr%C3%B6n.jpg?fit=1134%2C735&ssl=1&resize=525%2C300 1.5x, https:\/\/i0.wp.com\/karin-rehnqvist.se\/eng\/wp-content\/uploads\/2016\/01\/KR_namnteckn_noter4_gr%C3%B6n.jpg?fit=1134%2C735&ssl=1&resize=700%2C400 2x, https:\/\/i0.wp.com\/karin-rehnqvist.se\/eng\/wp-content\/uploads\/2016\/01\/KR_namnteckn_noter4_gr%C3%B6n.jpg?fit=1134%2C735&ssl=1&resize=1050%2C600 3x"},"classes":[]},{"id":1025,"url":"https:\/\/karin-rehnqvist.se\/eng\/mixed-chorus\/","url_meta":{"origin":1314,"position":1},"title":"Mixed chorus","author":"admin2","date":"January 26, 2016","format":false,"excerpt":"Easy: SONGS FROM THE EARTH (S\u00e5nger ur jorden) (1992\/2008), 6' for mixed chorus 1. Night on our earth (Natt \u00f6ver jorden) 2. Do not fear the darkness (Var inte r\u00e4dd f\u00f6r m\u00f6rkret). Text: Erik Blomberg. Singable text in Swedish and English. Ed. Reimers Lyrics\u00a0|\u00a0\u00a0Score sample: Night on our Earth\u00a0|\u00a0\u00a0Score sample:\u2026","rel":"","context":"In &quot;Complete worklist&quot;","block_context":{"text":"Complete worklist","link":"https:\/\/karin-rehnqvist.se\/eng\/category\/complete-worklist\/"},"img":{"alt_text":"","src":"https:\/\/i0.wp.com\/karin-rehnqvist.se\/eng\/wp-content\/uploads\/2015\/06\/KR-noter_choir_orange.jpg?fit=900%2C659&ssl=1&resize=350%2C200","width":350,"height":200,"srcset":"https:\/\/i0.wp.com\/karin-rehnqvist.se\/eng\/wp-content\/uploads\/2015\/06\/KR-noter_choir_orange.jpg?fit=900%2C659&ssl=1&resize=350%2C200 1x, https:\/\/i0.wp.com\/karin-rehnqvist.se\/eng\/wp-content\/uploads\/2015\/06\/KR-noter_choir_orange.jpg?fit=900%2C659&ssl=1&resize=525%2C300 1.5x, https:\/\/i0.wp.com\/karin-rehnqvist.se\/eng\/wp-content\/uploads\/2015\/06\/KR-noter_choir_orange.jpg?fit=900%2C659&ssl=1&resize=700%2C400 2x"},"classes":[]},{"id":1309,"url":"https:\/\/karin-rehnqvist.se\/eng\/the-complete-when-i-close-my-eyes\/","url_meta":{"origin":1314,"position":2},"title":"The complete When I Close My Eyes &#8230;","author":"admin2","date":"October 20, 2016","format":false,"excerpt":"For the first time there was a complete performance of the choir piece When I Close My Eyes I Dream of Peace composed for mixed choir by Karin\u00a0Rehnqvist in 2015. The performance took place in a concert with the Oslo choir\u00a0Schola Cantorum in Arvika Church October 15, 2016. Conductor: Tone\u2026","rel":"","context":"In &quot;Latest&quot;","block_context":{"text":"Latest","link":"https:\/\/karin-rehnqvist.se\/eng\/category\/latest\/"},"img":{"alt_text":"","src":"https:\/\/i0.wp.com\/karin-rehnqvist.se\/eng\/wp-content\/uploads\/2016\/10\/When-I-closeSchola-Cantorum.jpg?fit=1140%2C678&ssl=1&resize=350%2C200","width":350,"height":200,"srcset":"https:\/\/i0.wp.com\/karin-rehnqvist.se\/eng\/wp-content\/uploads\/2016\/10\/When-I-closeSchola-Cantorum.jpg?fit=1140%2C678&ssl=1&resize=350%2C200 1x, https:\/\/i0.wp.com\/karin-rehnqvist.se\/eng\/wp-content\/uploads\/2016\/10\/When-I-closeSchola-Cantorum.jpg?fit=1140%2C678&ssl=1&resize=525%2C300 1.5x, https:\/\/i0.wp.com\/karin-rehnqvist.se\/eng\/wp-content\/uploads\/2016\/10\/When-I-closeSchola-Cantorum.jpg?fit=1140%2C678&ssl=1&resize=700%2C400 2x, https:\/\/i0.wp.com\/karin-rehnqvist.se\/eng\/wp-content\/uploads\/2016\/10\/When-I-closeSchola-Cantorum.jpg?fit=1140%2C678&ssl=1&resize=1050%2C600 3x"},"classes":[]},{"id":1362,"url":"https:\/\/karin-rehnqvist.se\/eng\/autumn-2016\/","url_meta":{"origin":1314,"position":3},"title":"Autumn 2016","author":"admin2","date":"December 12, 2016","format":false,"excerpt":"\u00a0 Friday\u00a019 August\u00a02016, 4 pm, Oslo\u00a0\u2013\u00a0Europan Premiere Saturday\u00a027 August 2016, 8 pm,\u00a0Helsinki The Nordic Choir Expedition Davids nimm, version for three\u00a0solor\u00a0voices\u00a0and ladies choir from\u00a01984\u00a0 Maria Den\u00e9rus, Helena Str\u00f6berg, sopranos, Maria Erlan Carlson, mezzo Eric Ericson Chamber Choir Florian Benfer,\u00a0cond. More info\u00a0\u203a 16 September 2016,\u00a08 pm Ren Rehnqvist, Absolutt Alpaca \u2013\u00a0a\u2026","rel":"","context":"In &quot;Latest&quot;","block_context":{"text":"Latest","link":"https:\/\/karin-rehnqvist.se\/eng\/category\/latest\/"},"img":{"alt_text":"ren-rehnqvist","src":"https:\/\/i0.wp.com\/karin-rehnqvist.se\/wp-content\/uploads\/Ren-Rehnqvist.png?resize=350%2C200","width":350,"height":200},"classes":[]},{"id":1679,"url":"https:\/\/karin-rehnqvist.se\/eng\/songs-from-the-north-with-inuit-poems\/","url_meta":{"origin":1314,"position":4},"title":"Songs From The North with Inuit poems","author":"admin2","date":"October 13, 2018","format":false,"excerpt":"Karin Rehnqvist composed this piece for soloists and choir \u2013 Songs From The North \u2013 for the chamber chorus Sacred and Profane in Berkeley, USA (started in 1977). The lyrics are Inuit poems, and are sung both in English and Swedish: Do not wait for the dawn \u2013 V\u00e4nta aldrig\u2026","rel":"","context":"In &quot;Notes&quot;","block_context":{"text":"Notes","link":"https:\/\/karin-rehnqvist.se\/eng\/category\/notes\/"},"img":{"alt_text":"","src":"https:\/\/i0.wp.com\/karin-rehnqvist.se\/eng\/wp-content\/uploads\/2018\/10\/inuit_vinter.jpg?fit=1200%2C674&ssl=1&resize=350%2C200","width":350,"height":200,"srcset":"https:\/\/i0.wp.com\/karin-rehnqvist.se\/eng\/wp-content\/uploads\/2018\/10\/inuit_vinter.jpg?fit=1200%2C674&ssl=1&resize=350%2C200 1x, https:\/\/i0.wp.com\/karin-rehnqvist.se\/eng\/wp-content\/uploads\/2018\/10\/inuit_vinter.jpg?fit=1200%2C674&ssl=1&resize=525%2C300 1.5x, https:\/\/i0.wp.com\/karin-rehnqvist.se\/eng\/wp-content\/uploads\/2018\/10\/inuit_vinter.jpg?fit=1200%2C674&ssl=1&resize=700%2C400 2x, https:\/\/i0.wp.com\/karin-rehnqvist.se\/eng\/wp-content\/uploads\/2018\/10\/inuit_vinter.jpg?fit=1200%2C674&ssl=1&resize=1050%2C600 3x"},"classes":[]},{"id":1691,"url":"https:\/\/karin-rehnqvist.se\/eng\/songs-from-the-north\/","url_meta":{"origin":1314,"position":5},"title":"SONGS FROM THE NORTH","author":"admin2","date":"October 13, 2018","format":false,"excerpt":"For soloists and mixed choir Text: Inuit poems duration 14 minutes 1. Do not wait for the dawn \u2013\u00a0V\u00e4nta aldrig p\u00e5 gryningen 2. But when I heard of people murdered, fleeing 3. We understand so little of the majesty around us 4. The day rises \u2013\u00a0Dagen reser sig Without words.\u2026","rel":"","context":"In &quot;Programme notes&quot;","block_context":{"text":"Programme notes","link":"https:\/\/karin-rehnqvist.se\/eng\/category\/programme-notes\/"},"img":{"alt_text":"","src":"","width":0,"height":0},"classes":[]}],"_links":{"self":[{"href":"https:\/\/karin-rehnqvist.se\/eng\/wp-json\/wp\/v2\/posts\/1314","targetHints":{"allow":["GET"]}}],"collection":[{"href":"https:\/\/karin-rehnqvist.se\/eng\/wp-json\/wp\/v2\/posts"}],"about":[{"href":"https:\/\/karin-rehnqvist.se\/eng\/wp-json\/wp\/v2\/types\/post"}],"author":[{"embeddable":true,"href":"https:\/\/karin-rehnqvist.se\/eng\/wp-json\/wp\/v2\/users\/1"}],"replies":[{"embeddable":true,"href":"https:\/\/karin-rehnqvist.se\/eng\/wp-json\/wp\/v2\/comments?post=1314"}],"version-history":[{"count":3,"href":"https:\/\/karin-rehnqvist.se\/eng\/wp-json\/wp\/v2\/posts\/1314\/revisions"}],"predecessor-version":[{"id":3947,"href":"https:\/\/karin-rehnqvist.se\/eng\/wp-json\/wp\/v2\/posts\/1314\/revisions\/3947"}],"wp:attachment":[{"href":"https:\/\/karin-rehnqvist.se\/eng\/wp-json\/wp\/v2\/media?parent=1314"}],"wp:term":[{"taxonomy":"category","embeddable":true,"href":"https:\/\/karin-rehnqvist.se\/eng\/wp-json\/wp\/v2\/categories?post=1314"},{"taxonomy":"post_tag","embeddable":true,"href":"https:\/\/karin-rehnqvist.se\/eng\/wp-json\/wp\/v2\/tags?post=1314"}],"curies":[{"name":"wp","href":"https:\/\/api.w.org\/{rel}","templated":true}]}}