{"id":1115,"date":"2016-01-28T19:53:46","date_gmt":"2016-01-28T18:53:46","guid":{"rendered":"http:\/\/karin-rehnqvist.se\/eng\/?p=1115"},"modified":"2016-01-28T19:53:46","modified_gmt":"2016-01-28T18:53:46","slug":"rescue-me-from-the-mire","status":"publish","type":"post","link":"https:\/\/karin-rehnqvist.se\/eng\/rescue-me-from-the-mire\/","title":{"rendered":"RESCUE ME FROM THE MIRE"},"content":{"rendered":"<p>for soprano and alto saxophone<\/p>\n<p>&nbsp;<\/p>\n<p>1. R\u00e4dda mig ur dyn (Rescue me from the Mire)<\/p>\n<p>2. Jag lyfter mina h\u00e4nder (I Raise my Hands)<\/p>\n<p>&nbsp;<\/p>\n<p>Rescue me from the Mire\u00a0is a short, highly-charged piece having to do with calling:<\/p>\n<p>Outward calling \u2013 powerful, to attract attention and be heard over distances.<\/p>\n<p>Inward calling \u2013 compact, almost silent, like a prayer.<\/p>\n<p>&nbsp;<\/p>\n<p>The female vocalist uses a singing technique referred to in Swedish as \u201ckulning\u201d and used in the past to call the cows home in the mountain pastures and to communicate over long distances. This type of calling in conjunction with the playing of the alto saxophone gives rise to a very special, very particular sound (harmony).<\/p>\n<p>&nbsp;<\/p>\n<p>I composed Rescue me from the Mire for the inauguration of the Stockholm 1994 World Music Days. It was performed at the Vasa Museum, with the musicians standing on the deck of the Vasa, a seventeenth century man-of-war that sank in the Stockholm harbor on its maiden voyage and that has now been salvaged and reconstructed. When I wrote the piece, I had this disaster in mind, but coincidentally the cruise ship\u00a0M\/S\u00a0Estonia sank between Estonia and Sweden just a few days before the premiere, and many passengers lost their lives. This tragedy gave the performance a terrible and different sense of topicality.<\/p>\n<p>&nbsp;<\/p>\n<p>I raise my hands\u00a0is both a companion piece to Rescue me and a contrasting one. From the point of view of volume, it is particularly soft, and the listener literally has to turn an ear toward the musicians to hear the music at all.<\/p>\n<p>&nbsp;<\/p>\n<p>Both pieces are rooted in traditional Nordic folk chorales, from which they attenuate the registers: high and low, loud and soft are both taken to their extremes and tested there.<\/p>\n<p>I raise my hands ends in a line straight up and out into nowhere (eternity)*.<\/p>\n<p>*free choice<br \/>\n<em>Karin Rehnqvist, November 2, 2000<\/em><\/p>\n<p>&nbsp;<\/p>\n<p><em>Lyrics<\/em>:<\/p>\n<p>R\u00c4DDA MIG UR DYN (Rescue me from the Mire) (1994) \u2028Text: The Book of Psalms 69:15.<\/p>\n<p>&nbsp;<\/p>\n<p>JAG LYFTER MINA H\u00c4NDER (I raise my hands) (1998)<\/p>\n<p>Text from the Swedish Hymnal<\/p>\n<p>I raise my hands<\/p>\n<p>toward God\u2019s will and house<\/p>\n<p>Unto them he sends his help<\/p>\n<p>and shines his light \u2013<\/p>\n<p>&nbsp;<\/p>\n<p>&nbsp;<\/p>\n<p>&nbsp;<\/p>\n","protected":false},"excerpt":{"rendered":"<p>for soprano and alto saxophone &nbsp; 1. R\u00e4dda mig ur dyn (Rescue me from the Mire) 2. Jag lyfter mina h\u00e4nder (I Raise <\/p>\n","protected":false},"author":1,"featured_media":0,"comment_status":"closed","ping_status":"open","sticky":false,"template":"","format":"standard","meta":{"ngg_post_thumbnail":0,"jetpack_post_was_ever_published":false,"_jetpack_newsletter_access":"","_jetpack_dont_email_post_to_subs":false,"_jetpack_newsletter_tier_id":0,"_jetpack_memberships_contains_paywalled_content":false,"_jetpack_memberships_contains_paid_content":false,"footnotes":"","jetpack_publicize_message":"","jetpack_publicize_feature_enabled":true,"jetpack_social_post_already_shared":true,"jetpack_social_options":{"image_generator_settings":{"template":"highway","default_image_id":0,"font":"","enabled":false},"version":2}},"categories":[22],"tags":[],"class_list":["post-1115","post","type-post","status-publish","format-standard","hentry","category-programme-notes"],"jetpack_publicize_connections":[],"jetpack_featured_media_url":"","jetpack_sharing_enabled":true,"jetpack_shortlink":"https:\/\/wp.me\/p79arM-hZ","jetpack-related-posts":[{"id":1438,"url":"https:\/\/karin-rehnqvist.se\/eng\/listen-and-also-thorns\/","url_meta":{"origin":1115,"position":0},"title":"Listen: &#8230; and also thorns","author":"admin2","date":"March 22, 2017","format":false,"excerpt":"The human voice and the saxophones have a lot in common. The breathing of course, but also something in the timbre. Especially when the voices uses an archaic style of singing\/calling, called \u201ckulning\u201d. This is a technique used in Swedish folk music, traditionally employed outdoors, to call animals or to\u2026","rel":"","context":"In &quot;Notes&quot;","block_context":{"text":"Notes","link":"https:\/\/karin-rehnqvist.se\/eng\/category\/notes\/"},"img":{"alt_text":"","src":"https:\/\/i0.wp.com\/karin-rehnqvist.se\/eng\/wp-content\/uploads\/2017\/03\/UlrikaBodenStoSax_2017-03-20.jpg?fit=1200%2C726&ssl=1&resize=350%2C200","width":350,"height":200,"srcset":"https:\/\/i0.wp.com\/karin-rehnqvist.se\/eng\/wp-content\/uploads\/2017\/03\/UlrikaBodenStoSax_2017-03-20.jpg?fit=1200%2C726&ssl=1&resize=350%2C200 1x, https:\/\/i0.wp.com\/karin-rehnqvist.se\/eng\/wp-content\/uploads\/2017\/03\/UlrikaBodenStoSax_2017-03-20.jpg?fit=1200%2C726&ssl=1&resize=525%2C300 1.5x, https:\/\/i0.wp.com\/karin-rehnqvist.se\/eng\/wp-content\/uploads\/2017\/03\/UlrikaBodenStoSax_2017-03-20.jpg?fit=1200%2C726&ssl=1&resize=700%2C400 2x, https:\/\/i0.wp.com\/karin-rehnqvist.se\/eng\/wp-content\/uploads\/2017\/03\/UlrikaBodenStoSax_2017-03-20.jpg?fit=1200%2C726&ssl=1&resize=1050%2C600 3x"},"classes":[]},{"id":1103,"url":"https:\/\/karin-rehnqvist.se\/eng\/ock-av-tornen-and-also-thorns\/","url_meta":{"origin":1115,"position":1},"title":"OCK AV T\u00d6RNEN\u00a0\u00a0 (\u2026AND ALSO THORNS)","author":"admin2","date":"January 28, 2016","format":false,"excerpt":"\u2013 lament for saxophone quartet and female voice \u00a0 \u2013 Klagos\u00e5ng \/Lament; ca 7,5 min \u2013 Jag lyfter blicken\/ I lift up my eyes to you; ca 4 min \u2013 M\u00e5ste ock av t\u00f6rnen vara\/\u2026and also thorns; ca 4 min \u2013 R\u00e4dda mig ur dyn\/ Rescue me from the Mire;\u2026","rel":"","context":"In &quot;Programme notes&quot;","block_context":{"text":"Programme notes","link":"https:\/\/karin-rehnqvist.se\/eng\/category\/programme-notes\/"},"img":{"alt_text":"","src":"","width":0,"height":0},"classes":[]},{"id":3104,"url":"https:\/\/karin-rehnqvist.se\/eng\/spring-2024\/","url_meta":{"origin":1115,"position":2},"title":"Spring 2024","author":"admin2","date":"January 26, 2024","format":false,"excerpt":"13 January 2024The Riddle \u2013 at String Quartet BiennaleQuat\u00f3r MetamorphosesCit\u00e9 de la Musique, Paris 23 January 2024Rescue me from sinking in the mireAlexandra Zetterstr\u00f6m B\u00fcchel, voice, Ilta Attila, alto saxophoneMusiikkitalo (The Music House), Helsinki 9 February 2024Night on our earthKammerchor der Universit\u00e4t Hamburg, Thomas Posth, conductorLaeiszhalle, Hamburg, 8 pm 10\u2026","rel":"","context":"In &quot;Latest&quot;","block_context":{"text":"Latest","link":"https:\/\/karin-rehnqvist.se\/eng\/category\/latest\/"},"img":{"alt_text":"","src":"https:\/\/i0.wp.com\/karin-rehnqvist.se\/eng\/wp-content\/uploads\/2024\/01\/bakgr-konst_4.jpg?fit=1200%2C582&ssl=1&resize=350%2C200","width":350,"height":200,"srcset":"https:\/\/i0.wp.com\/karin-rehnqvist.se\/eng\/wp-content\/uploads\/2024\/01\/bakgr-konst_4.jpg?fit=1200%2C582&ssl=1&resize=350%2C200 1x, https:\/\/i0.wp.com\/karin-rehnqvist.se\/eng\/wp-content\/uploads\/2024\/01\/bakgr-konst_4.jpg?fit=1200%2C582&ssl=1&resize=525%2C300 1.5x, https:\/\/i0.wp.com\/karin-rehnqvist.se\/eng\/wp-content\/uploads\/2024\/01\/bakgr-konst_4.jpg?fit=1200%2C582&ssl=1&resize=700%2C400 2x, https:\/\/i0.wp.com\/karin-rehnqvist.se\/eng\/wp-content\/uploads\/2024\/01\/bakgr-konst_4.jpg?fit=1200%2C582&ssl=1&resize=1050%2C600 3x"},"classes":[]},{"id":4024,"url":"https:\/\/karin-rehnqvist.se\/eng\/autumn-2025\/","url_meta":{"origin":1115,"position":3},"title":"Autumn 2025","author":"admin2","date":"September 3, 2025","format":false,"excerpt":"9 August 2025When I close my eyes I dream of peaceThe Swedish National Youth Choir, The Norwegian National Youth Choir, The Finnish National Youth ChoirFlorian Benfer, conductor, Malva Pentik\u00e4inen, Hanna Balsnes, Maria Yefanova, subconductorsNordklang Festival and Norbusang Festival, Oslo Cathedral, 7.00 pm 10 August 2025David's NimmDREI:st EnsembleSt. George\u2019s Church, Parchim,\u2026","rel":"","context":"In &quot;Latest&quot;","block_context":{"text":"Latest","link":"https:\/\/karin-rehnqvist.se\/eng\/category\/latest\/"},"img":{"alt_text":"","src":"https:\/\/i0.wp.com\/karin-rehnqvist.se\/eng\/wp-content\/uploads\/2025\/09\/bakgr_abstr_kalendarium25namnteckn_2.jpg?fit=1200%2C643&ssl=1&resize=350%2C200","width":350,"height":200,"srcset":"https:\/\/i0.wp.com\/karin-rehnqvist.se\/eng\/wp-content\/uploads\/2025\/09\/bakgr_abstr_kalendarium25namnteckn_2.jpg?fit=1200%2C643&ssl=1&resize=350%2C200 1x, https:\/\/i0.wp.com\/karin-rehnqvist.se\/eng\/wp-content\/uploads\/2025\/09\/bakgr_abstr_kalendarium25namnteckn_2.jpg?fit=1200%2C643&ssl=1&resize=525%2C300 1.5x, https:\/\/i0.wp.com\/karin-rehnqvist.se\/eng\/wp-content\/uploads\/2025\/09\/bakgr_abstr_kalendarium25namnteckn_2.jpg?fit=1200%2C643&ssl=1&resize=700%2C400 2x, https:\/\/i0.wp.com\/karin-rehnqvist.se\/eng\/wp-content\/uploads\/2025\/09\/bakgr_abstr_kalendarium25namnteckn_2.jpg?fit=1200%2C643&ssl=1&resize=1050%2C600 3x"},"classes":[]},{"id":1415,"url":"https:\/\/karin-rehnqvist.se\/eng\/rehnqvist-festival-with-17-works\/","url_meta":{"origin":1115,"position":4},"title":"Rehnqvist festival with 17 works","author":"admin2","date":"February 23, 2017","format":false,"excerpt":"In Troms\u00f8, Norway, Karin Rehnqvist is Composer In Residence at 'the arctic university of Norway', University of Troms\u00f8, up in the North. During the last week of February (20\u201326 Feb) there will be lots of seminars and workshops, rehearsal sessions \u2013 and concerts at The Faculty of Fine Arts. 17\u2026","rel":"","context":"In &quot;Notes&quot;","block_context":{"text":"Notes","link":"https:\/\/karin-rehnqvist.se\/eng\/category\/notes\/"},"img":{"alt_text":"","src":"https:\/\/i0.wp.com\/karin-rehnqvist.se\/eng\/wp-content\/uploads\/2017\/02\/Troms%C3%B8_Rehnqvist.jpg?fit=1134%2C668&ssl=1&resize=350%2C200","width":350,"height":200,"srcset":"https:\/\/i0.wp.com\/karin-rehnqvist.se\/eng\/wp-content\/uploads\/2017\/02\/Troms%C3%B8_Rehnqvist.jpg?fit=1134%2C668&ssl=1&resize=350%2C200 1x, https:\/\/i0.wp.com\/karin-rehnqvist.se\/eng\/wp-content\/uploads\/2017\/02\/Troms%C3%B8_Rehnqvist.jpg?fit=1134%2C668&ssl=1&resize=525%2C300 1.5x, https:\/\/i0.wp.com\/karin-rehnqvist.se\/eng\/wp-content\/uploads\/2017\/02\/Troms%C3%B8_Rehnqvist.jpg?fit=1134%2C668&ssl=1&resize=700%2C400 2x, https:\/\/i0.wp.com\/karin-rehnqvist.se\/eng\/wp-content\/uploads\/2017\/02\/Troms%C3%B8_Rehnqvist.jpg?fit=1134%2C668&ssl=1&resize=1050%2C600 3x"},"classes":[]},{"id":1015,"url":"https:\/\/karin-rehnqvist.se\/eng\/chamber-music-voicevoices\/","url_meta":{"origin":1115,"position":5},"title":"Chamber music &#038; voice\/voices","author":"admin2","date":"January 25, 2016","format":false,"excerpt":"THE DREAM (2022) for Mezzo-soprano\/ Alto and Cello 12\u2019 Text Rosa Taikon Dedicated to Unni L\u00f8vlid and Marianne Baudouin Lie Svensk Musik Programme note \u00a0| \u00a0Score sample SONGS BETWEEN LIGHT AND DARKNESS \u00a0(2021) \u2013 for two reciters, soprano, alto saxophone, clarinet in Bb (also b.cl) and piano. 16' Text: Gunnar\u2026","rel":"","context":"In &quot;Chamber music &amp; voice&quot;","block_context":{"text":"Chamber music &amp; voice","link":"https:\/\/karin-rehnqvist.se\/eng\/category\/complete-worklist\/chamber-music-voice\/"},"img":{"alt_text":"","src":"https:\/\/i0.wp.com\/karin-rehnqvist.se\/eng\/wp-content\/uploads\/2015\/06\/KR-noter_chamber-voice.jpg?fit=900%2C659&ssl=1&resize=350%2C200","width":350,"height":200,"srcset":"https:\/\/i0.wp.com\/karin-rehnqvist.se\/eng\/wp-content\/uploads\/2015\/06\/KR-noter_chamber-voice.jpg?fit=900%2C659&ssl=1&resize=350%2C200 1x, https:\/\/i0.wp.com\/karin-rehnqvist.se\/eng\/wp-content\/uploads\/2015\/06\/KR-noter_chamber-voice.jpg?fit=900%2C659&ssl=1&resize=525%2C300 1.5x, https:\/\/i0.wp.com\/karin-rehnqvist.se\/eng\/wp-content\/uploads\/2015\/06\/KR-noter_chamber-voice.jpg?fit=900%2C659&ssl=1&resize=700%2C400 2x"},"classes":[]}],"_links":{"self":[{"href":"https:\/\/karin-rehnqvist.se\/eng\/wp-json\/wp\/v2\/posts\/1115","targetHints":{"allow":["GET"]}}],"collection":[{"href":"https:\/\/karin-rehnqvist.se\/eng\/wp-json\/wp\/v2\/posts"}],"about":[{"href":"https:\/\/karin-rehnqvist.se\/eng\/wp-json\/wp\/v2\/types\/post"}],"author":[{"embeddable":true,"href":"https:\/\/karin-rehnqvist.se\/eng\/wp-json\/wp\/v2\/users\/1"}],"replies":[{"embeddable":true,"href":"https:\/\/karin-rehnqvist.se\/eng\/wp-json\/wp\/v2\/comments?post=1115"}],"version-history":[{"count":1,"href":"https:\/\/karin-rehnqvist.se\/eng\/wp-json\/wp\/v2\/posts\/1115\/revisions"}],"predecessor-version":[{"id":1116,"href":"https:\/\/karin-rehnqvist.se\/eng\/wp-json\/wp\/v2\/posts\/1115\/revisions\/1116"}],"wp:attachment":[{"href":"https:\/\/karin-rehnqvist.se\/eng\/wp-json\/wp\/v2\/media?parent=1115"}],"wp:term":[{"taxonomy":"category","embeddable":true,"href":"https:\/\/karin-rehnqvist.se\/eng\/wp-json\/wp\/v2\/categories?post=1115"},{"taxonomy":"post_tag","embeddable":true,"href":"https:\/\/karin-rehnqvist.se\/eng\/wp-json\/wp\/v2\/tags?post=1115"}],"curies":[{"name":"wp","href":"https:\/\/api.w.org\/{rel}","templated":true}]}}