{"id":1073,"date":"2016-01-27T23:08:27","date_gmt":"2016-01-27T22:08:27","guid":{"rendered":"http:\/\/karin-rehnqvist.se\/eng\/?p=1073"},"modified":"2016-01-27T23:08:27","modified_gmt":"2016-01-27T22:08:27","slug":"breaking-the-ice","status":"publish","type":"post","link":"https:\/\/karin-rehnqvist.se\/eng\/breaking-the-ice\/","title":{"rendered":"BREAKING THE ICE"},"content":{"rendered":"<p>from Arktis Arktis!<\/p>\n<p>Duration ca 11 minutes<\/p>\n<p>&nbsp;<\/p>\n<p>I spent the summer 1999 on an icebreaker, following the Swedish Polar Expedition \u201dTundra Northwest\u201d up to the north of Canada.<\/p>\n<p>The nature, the light, the variable weather and the experience of being on an icebreaker up in The High Arctic was intense and overwhelming.<\/p>\n<p>The feelings and experience of this fantastic icy world has to be expressed in some way.<\/p>\n<p>Breaking the Ice is the first part of a longer piece\/cycle, named ARKTIS ARKTIS! for orchestra (Arktis = The Arctic). What we usually call icy sounds in music had nothing to do with the ice I met; it was powerful, could look very different, not always white, but yellow, turquoise, very strong. It was sometimes very hard to force, even for the most powerful icebreaker of Canada. Talking about moving mountains, the ice is capable.<\/p>\n<p>&nbsp;<\/p>\n<p>The orchestra in Breaking the Ice is placed with the first and second violins opposite to each other. Also the winds are placed a bit uncommon; one of each wind instrument of one side of the strings, the same on the other side.<\/p>\n<p>&nbsp;<\/p>\n<p>This piece is not trying to describe the Arctic, but to express my feelings and experience of being there. Staying out in the wild nature makes you learn something about yourself, about being a human, and\u2026<br \/>\nto make progress you must dare to break the ice!<\/p>\n<p>&nbsp;<\/p>\n<p>Karin Rehnqvist<\/p>\n<p>&nbsp;<\/p>\n<p>&nbsp;<\/p>\n","protected":false},"excerpt":{"rendered":"<p>from Arktis Arktis! Duration ca 11 minutes &nbsp; I spent the summer 1999 on an icebreaker, following the Swedish Polar Expedition \u201dTundra Northwest\u201d <\/p>\n","protected":false},"author":1,"featured_media":0,"comment_status":"closed","ping_status":"open","sticky":false,"template":"","format":"standard","meta":{"ngg_post_thumbnail":0,"jetpack_post_was_ever_published":false,"_jetpack_newsletter_access":"","_jetpack_dont_email_post_to_subs":false,"_jetpack_newsletter_tier_id":0,"_jetpack_memberships_contains_paywalled_content":false,"_jetpack_memberships_contains_paid_content":false,"footnotes":"","jetpack_publicize_message":"","jetpack_publicize_feature_enabled":true,"jetpack_social_post_already_shared":true,"jetpack_social_options":{"image_generator_settings":{"template":"highway","default_image_id":0,"font":"","enabled":false},"version":2}},"categories":[22],"tags":[],"class_list":["post-1073","post","type-post","status-publish","format-standard","hentry","category-programme-notes"],"jetpack_publicize_connections":[],"jetpack_featured_media_url":"","jetpack_sharing_enabled":true,"jetpack_shortlink":"https:\/\/wp.me\/p79arM-hj","jetpack-related-posts":[{"id":1070,"url":"https:\/\/karin-rehnqvist.se\/eng\/arktis-arktis\/","url_meta":{"origin":1073,"position":0},"title":"ARKTIS ARKTIS!\u00a0","author":"admin2","date":"January 27, 2016","format":false,"excerpt":"(Arktis = The Arctic) \u00a0 1. BREAKING THE ICE 2. BETWEEN SKY AND SEA 3. INTERLUDE IN DARK 4. YEARNING \u00a0 In the summer of 1999 I was given the opportunity to accompany the Swedish polar expedition \u201dTundra nordv\u00e4st\u201d (\u201dTundra Northwest\u201d) up to northern Canada. For the course of one\u2026","rel":"","context":"In &quot;Programme notes&quot;","block_context":{"text":"Programme notes","link":"https:\/\/karin-rehnqvist.se\/eng\/category\/programme-notes\/"},"img":{"alt_text":"","src":"","width":0,"height":0},"classes":[]},{"id":999,"url":"https:\/\/karin-rehnqvist.se\/eng\/orchestra\/","url_meta":{"origin":1073,"position":1},"title":"Orchestra","author":"admin2","date":"January 25, 2016","format":false,"excerpt":"TIGER TOUCH (2011) f\u00f6r symphony orchestra. 9'. Instr: picc, fl, 2 ob, 2 cl, b cl, 2 bsn, cbsn, 4 hn, 3 tpt, 3 tbn, 3 perc, harp, pi, strings. Commissioned by Gothenburg Symphony Orchestra for Gustavo Dudamel in conjunction with his thirtieth birthday. Listen\u00a0|\u00a0\u00a0Programme note PRELUDES FOR LARGE ORCHESTRA\u2026","rel":"","context":"In &quot;Complete worklist&quot;","block_context":{"text":"Complete worklist","link":"https:\/\/karin-rehnqvist.se\/eng\/category\/complete-worklist\/"},"img":{"alt_text":"","src":"https:\/\/i0.wp.com\/karin-rehnqvist.se\/eng\/wp-content\/uploads\/2015\/06\/KR-noter_orch_bl%C3%A5.jpg?fit=900%2C659&ssl=1&resize=350%2C200","width":350,"height":200,"srcset":"https:\/\/i0.wp.com\/karin-rehnqvist.se\/eng\/wp-content\/uploads\/2015\/06\/KR-noter_orch_bl%C3%A5.jpg?fit=900%2C659&ssl=1&resize=350%2C200 1x, https:\/\/i0.wp.com\/karin-rehnqvist.se\/eng\/wp-content\/uploads\/2015\/06\/KR-noter_orch_bl%C3%A5.jpg?fit=900%2C659&ssl=1&resize=525%2C300 1.5x, https:\/\/i0.wp.com\/karin-rehnqvist.se\/eng\/wp-content\/uploads\/2015\/06\/KR-noter_orch_bl%C3%A5.jpg?fit=900%2C659&ssl=1&resize=700%2C400 2x"},"classes":[]},{"id":1187,"url":"https:\/\/karin-rehnqvist.se\/eng\/score-samples\/","url_meta":{"origin":1073,"position":2},"title":"Score samples","author":"admin2","date":"January 30, 2016","format":false,"excerpt":"Arktis Arktis! Beginning Davids Nimm Der Herr ist mein Hirte Embrace me Haya! Hymn Hymn from night Ice Music Fantasy Inexorably Jag lyfter mina h\u00e4nder Light of light Lod On a distant shore Preludes for large orchestra Quem chama? | Who's that calling? Requiem Aeternam Sagan om Fatumeh Salve Regina\u2026","rel":"","context":"In &quot;Scores&quot;","block_context":{"text":"Scores","link":"https:\/\/karin-rehnqvist.se\/eng\/category\/scores\/"},"img":{"alt_text":"","src":"https:\/\/i0.wp.com\/karin-rehnqvist.se\/eng\/wp-content\/uploads\/2016\/01\/REHNQVIST-ALL-THOSE-STRINGS_kantele_2.jpg?fit=850%2C455&ssl=1&resize=350%2C200","width":350,"height":200,"srcset":"https:\/\/i0.wp.com\/karin-rehnqvist.se\/eng\/wp-content\/uploads\/2016\/01\/REHNQVIST-ALL-THOSE-STRINGS_kantele_2.jpg?fit=850%2C455&ssl=1&resize=350%2C200 1x, https:\/\/i0.wp.com\/karin-rehnqvist.se\/eng\/wp-content\/uploads\/2016\/01\/REHNQVIST-ALL-THOSE-STRINGS_kantele_2.jpg?fit=850%2C455&ssl=1&resize=525%2C300 1.5x, https:\/\/i0.wp.com\/karin-rehnqvist.se\/eng\/wp-content\/uploads\/2016\/01\/REHNQVIST-ALL-THOSE-STRINGS_kantele_2.jpg?fit=850%2C455&ssl=1&resize=700%2C400 2x"},"classes":[]},{"id":3513,"url":"https:\/\/karin-rehnqvist.se\/eng\/karin-rehnqvist-is-portrayed-in-gramophone\/","url_meta":{"origin":1073,"position":3},"title":"Karin Rehnqvist is portrayed in Gramophone","author":"admin2","date":"November 4, 2024","format":false,"excerpt":"In its November 2024 issue, the prestigious British (and internationally distributed) music magazine Gramophone presents a portrait of Karin Rehnqvist and her music. She is presented as the first Swedish composer in the article series Contemporary composers. The music writer Guy Rickards starts from the very earliest impressions of the\u2026","rel":"","context":"In &quot;Latest&quot;","block_context":{"text":"Latest","link":"https:\/\/karin-rehnqvist.se\/eng\/category\/latest\/"},"img":{"alt_text":"","src":"https:\/\/i0.wp.com\/karin-rehnqvist.se\/eng\/wp-content\/uploads\/2024\/11\/KarinRehnqvist087_2024_2_Gramophone.jpg?fit=1200%2C858&ssl=1&resize=350%2C200","width":350,"height":200,"srcset":"https:\/\/i0.wp.com\/karin-rehnqvist.se\/eng\/wp-content\/uploads\/2024\/11\/KarinRehnqvist087_2024_2_Gramophone.jpg?fit=1200%2C858&ssl=1&resize=350%2C200 1x, https:\/\/i0.wp.com\/karin-rehnqvist.se\/eng\/wp-content\/uploads\/2024\/11\/KarinRehnqvist087_2024_2_Gramophone.jpg?fit=1200%2C858&ssl=1&resize=525%2C300 1.5x, https:\/\/i0.wp.com\/karin-rehnqvist.se\/eng\/wp-content\/uploads\/2024\/11\/KarinRehnqvist087_2024_2_Gramophone.jpg?fit=1200%2C858&ssl=1&resize=700%2C400 2x, https:\/\/i0.wp.com\/karin-rehnqvist.se\/eng\/wp-content\/uploads\/2024\/11\/KarinRehnqvist087_2024_2_Gramophone.jpg?fit=1200%2C858&ssl=1&resize=1050%2C600 3x"},"classes":[]},{"id":3419,"url":"https:\/\/karin-rehnqvist.se\/eng\/autumn-2024\/","url_meta":{"origin":1073,"position":4},"title":"Autumn 2024","author":"admin2","date":"September 6, 2024","format":false,"excerpt":"11 August 2024 VaultsStockholm Chamber BrassGamle Aker Kirke, Oslo 16\u201317 August 2024NYTT Festival16\/8: The DreamMonica Danielsson, song, Christian Berg, celloTransj\u00f6 Folkets Hus, 6.30 pm 17\/8: \u201dTo be a composer\u201d \u2013 music and talk with Karin Rehnqvist and Josef S\u00f6reke\u00a0Galleri S\u00f6reskog, Berg, 4 pm 17\/8: Psalm ur nattenJ\u00f6rgen Pettersson, saxophoneThe DreamMonica\u2026","rel":"","context":"In &quot;Latest&quot;","block_context":{"text":"Latest","link":"https:\/\/karin-rehnqvist.se\/eng\/category\/latest\/"},"img":{"alt_text":"","src":"https:\/\/i0.wp.com\/karin-rehnqvist.se\/eng\/wp-content\/uploads\/2024\/09\/faglarnotsymboler.jpg?fit=1200%2C730&ssl=1&resize=350%2C200","width":350,"height":200,"srcset":"https:\/\/i0.wp.com\/karin-rehnqvist.se\/eng\/wp-content\/uploads\/2024\/09\/faglarnotsymboler.jpg?fit=1200%2C730&ssl=1&resize=350%2C200 1x, https:\/\/i0.wp.com\/karin-rehnqvist.se\/eng\/wp-content\/uploads\/2024\/09\/faglarnotsymboler.jpg?fit=1200%2C730&ssl=1&resize=525%2C300 1.5x, https:\/\/i0.wp.com\/karin-rehnqvist.se\/eng\/wp-content\/uploads\/2024\/09\/faglarnotsymboler.jpg?fit=1200%2C730&ssl=1&resize=700%2C400 2x, https:\/\/i0.wp.com\/karin-rehnqvist.se\/eng\/wp-content\/uploads\/2024\/09\/faglarnotsymboler.jpg?fit=1200%2C730&ssl=1&resize=1050%2C600 3x"},"classes":[]},{"id":3702,"url":"https:\/\/karin-rehnqvist.se\/eng\/spring-2025\/","url_meta":{"origin":1073,"position":5},"title":"Spring 2025","author":"admin2","date":"February 7, 2025","format":false,"excerpt":"1 January 2025Day is here!YouTube releaseDet Norske Solistkor, Ensemble Allegria, Grete Pedersen, conductor 28 January 2025\u2026and so the day endsStockholm Saxophone Quartet\u00a0Atalante, Gothenburg, 7 pm 6 February 2025\u00a0Breaking the ice,\u00a0from Arktis Arktis!V\u00e4ster\u00e5s Sinfonietta, Tobias Ringborg, conductorV\u00e4ster\u00e5s Concert Hall, V\u00e4ster\u00e5s, Sweden, 7 pm 7 February 2025Silent Earth\u00a0\u2013 release album, Footprint Records\/NaxosSwedish\u2026","rel":"","context":"In &quot;Latest&quot;","block_context":{"text":"Latest","link":"https:\/\/karin-rehnqvist.se\/eng\/category\/latest\/"},"img":{"alt_text":"","src":"https:\/\/i0.wp.com\/karin-rehnqvist.se\/eng\/wp-content\/uploads\/2025\/02\/kvinnoansikte_profilgen_bla.jpg?fit=1200%2C622&ssl=1&resize=350%2C200","width":350,"height":200,"srcset":"https:\/\/i0.wp.com\/karin-rehnqvist.se\/eng\/wp-content\/uploads\/2025\/02\/kvinnoansikte_profilgen_bla.jpg?fit=1200%2C622&ssl=1&resize=350%2C200 1x, https:\/\/i0.wp.com\/karin-rehnqvist.se\/eng\/wp-content\/uploads\/2025\/02\/kvinnoansikte_profilgen_bla.jpg?fit=1200%2C622&ssl=1&resize=525%2C300 1.5x, https:\/\/i0.wp.com\/karin-rehnqvist.se\/eng\/wp-content\/uploads\/2025\/02\/kvinnoansikte_profilgen_bla.jpg?fit=1200%2C622&ssl=1&resize=700%2C400 2x, https:\/\/i0.wp.com\/karin-rehnqvist.se\/eng\/wp-content\/uploads\/2025\/02\/kvinnoansikte_profilgen_bla.jpg?fit=1200%2C622&ssl=1&resize=1050%2C600 3x"},"classes":[]}],"_links":{"self":[{"href":"https:\/\/karin-rehnqvist.se\/eng\/wp-json\/wp\/v2\/posts\/1073","targetHints":{"allow":["GET"]}}],"collection":[{"href":"https:\/\/karin-rehnqvist.se\/eng\/wp-json\/wp\/v2\/posts"}],"about":[{"href":"https:\/\/karin-rehnqvist.se\/eng\/wp-json\/wp\/v2\/types\/post"}],"author":[{"embeddable":true,"href":"https:\/\/karin-rehnqvist.se\/eng\/wp-json\/wp\/v2\/users\/1"}],"replies":[{"embeddable":true,"href":"https:\/\/karin-rehnqvist.se\/eng\/wp-json\/wp\/v2\/comments?post=1073"}],"version-history":[{"count":1,"href":"https:\/\/karin-rehnqvist.se\/eng\/wp-json\/wp\/v2\/posts\/1073\/revisions"}],"predecessor-version":[{"id":1074,"href":"https:\/\/karin-rehnqvist.se\/eng\/wp-json\/wp\/v2\/posts\/1073\/revisions\/1074"}],"wp:attachment":[{"href":"https:\/\/karin-rehnqvist.se\/eng\/wp-json\/wp\/v2\/media?parent=1073"}],"wp:term":[{"taxonomy":"category","embeddable":true,"href":"https:\/\/karin-rehnqvist.se\/eng\/wp-json\/wp\/v2\/categories?post=1073"},{"taxonomy":"post_tag","embeddable":true,"href":"https:\/\/karin-rehnqvist.se\/eng\/wp-json\/wp\/v2\/tags?post=1073"}],"curies":[{"name":"wp","href":"https:\/\/api.w.org\/{rel}","templated":true}]}}