{"id":1002,"date":"2016-01-25T22:36:12","date_gmt":"2016-01-25T21:36:12","guid":{"rendered":"http:\/\/karin-rehnqvist.se\/eng\/?p=1002"},"modified":"2025-08-27T15:26:48","modified_gmt":"2025-08-27T14:26:48","slug":"chorus-orchestra","status":"publish","type":"post","link":"https:\/\/karin-rehnqvist.se\/eng\/chorus-orchestra\/","title":{"rendered":"Chorus &#038; orchestra"},"content":{"rendered":"<p class=\"style412\" lang=\"sv\"><span lang=\"sv\"><span class=\"style214\">DAY IS HERE (2018)<br>for eight solo-voices\/<span data-olk-copy-source=\"MessageBody\">double choir<\/span> and strings (3, 3, 2, 2, 1). 20\u2032<br>Commissioned by Musica Vitae and Vokalharmonin with support from the Swedish Arts Council.<br><a href=\"http:\/\/gehrmans.se\">Gehrmans<\/a><br><a href=\"https:\/\/karin-rehnqvist.se\/eng\/wp-content\/uploads\/2018\/09\/Day-is-here_extr.mp3\">Listen&nbsp;<\/a>|&nbsp;&nbsp;<a href=\"https:\/\/karin-rehnqvist.se\/eng\/day-is-here\/\">Programme note<\/a>&nbsp;|&nbsp;&nbsp;<a href=\"https:\/\/karin-rehnqvist.se\/eng\/wp-content\/uploads\/2025\/08\/Day-is-here.pdf\"><span class=\"style220\">Score sample<\/span><\/a><\/span><\/span><\/p>\n<p class=\"style120\" lang=\"sv\">TAKE THE MILKY WAY(2025) 14&#8242;<br>For mixed choir, baroque orchestra and audience ad lib.<br>Orch: 2 ob, 2 bsn, positive organ (alt. organ and hapsichord), strings (min 2,2,2,2,1)<br>Text by Kerstin Perski<br>Composed for the Helsinki Chamber Choir and the Finnish Baroque Orchestra.<br><a href=\"http:\/\/www.gehrmans.se\">Gehrmans<\/a> ( see www.gehrmans.se, for full score and vocal score)<br><a href=\"https:\/\/karin-rehnqvist.se\/eng\/wp-content\/uploads\/2025\/07\/Karin-Rehnqvist-TaketheMilkyWay.mp3\" target=\"_blank\" rel=\"noopener\">Listen<\/a>&nbsp;|&nbsp;&nbsp;<a href=\"https:\/\/karin-rehnqvist.se\/eng\/take-the-milky-way\/\" target=\"_blank\" rel=\"noopener\">Programme note<\/a>&nbsp;|&nbsp;&nbsp;<a href=\"https:\/\/karin-rehnqvist.se\/eng\/wp-content\/uploads\/2025\/07\/Take-the-Milky-Way.pdf\" target=\"_blank\" rel=\"noopener\">Score sample<\/a><\/p>\n<p>SILENT EARTH (2020)<br>for mixed chorus and orchestra. 30&#8242;.<br>Piano reduction available<br>Texts: Kerstin Perski<br>Dedicated to the Netherlands Radio Choir, the Netherlands Radio Philharmonic Orchestra, the Swedish Radio Chor and the Swedish Radio Symphony Orchestra.<br><a href=\"https:\/\/gehrmans.se\/\">Gehrmans<\/a> (see www.gerhmans.se for full score and vocal score)<br>Listen: <a href=\"https:\/\/karin-rehnqvist.se\/eng\/wp-content\/uploads\/2022\/02\/Silent-Earth_1.mp3\">movt 1<\/a>, <a href=\"https:\/\/karin-rehnqvist.se\/eng\/wp-content\/uploads\/2022\/02\/Silent-Earth_2.mp3\">movt 2<\/a> | Score sample: <a href=\"https:\/\/karin-rehnqvist.se\/eng\/wp-content\/uploads\/2024\/01\/Silent-Earth_score_mvt2_s27-30.pdf\">movt 2<\/a> | <a href=\"https:\/\/karin-rehnqvist.se\/eng\/silent-earth\/\">Programme note<\/a><\/p>\n<p class=\"style135\">HYMN (2010)<br>for mixed chorus, high soprano (ad lib.) and orchestra\/ chamber orchestra. 5\u2032.<br>Instr, original: 2 2 2 2 \u2013 2 3 2 0 \u2013 harp \u2013 strings<br>Chamber orch: 2 2 2 2 \u2013 2 2 1 0 \u2013 harp \u2013 strings<br>Piano reduction available<br>Texts: from the Bible (Psalms and Song of Songs). Text in Swedish and English.<br>Commissioned for the wedding of the Crown Princess Victoria to Prince Daniel Westling, June 2010<br><a href=\"https:\/\/gehrmans.se\/\">Gehrmans<\/a> (see www. gerhmans.se for full score)<br><a href=\"http:\/\/www.karin-rehnqvist.se\/listen\/Hymn_xtr.mp3\" target=\"_blank\" rel=\"noopener noreferrer\">Listen<\/a>&nbsp;|&nbsp;&nbsp;<a href=\"http:\/\/karin-rehnqvist.se\/English\/hymn.html\" target=\"_blank\" rel=\"noopener noreferrer\">Programme note<\/a>&nbsp;|&nbsp;&nbsp;<span class=\"style185\"><a href=\"https:\/\/karin-rehnqvist.se\/eng\/wp-content\/uploads\/2025\/08\/Hymn-for-orkester.pdf\" target=\"_blank\" rel=\"noopener noreferrer\">Score sample<\/a><\/span><\/p>\n<p class=\"style140\">REQUIEM AETERNAM (2008)<br>for two sopranos, mixed chorus and orchestra. 32&#8242;.<br>Instr: 2 2 2 2-2 2-1 perc, harp, strings (min 6, 5, 4, 4, 2). Performed in Swedish (soloists) and Latin (choir and soloists).<br>Texts in Swedish (the soloists) and Latin (soloists and choir); trad., Kerstin Ekman, F M Franz\u00e9n, L Laurinus. 1. The newborn grasps 2. My hour of rest will ring in \u2013 requiem. 3. Kyrie 4. The newborn grasps 5. Umbrae mortis 6. De profundis 7. In Heaven&#8217;s Hall 8. Sanctus 9. Libera me.<br>Commissioned by Scottish Chamber Orchestra and Swedish Chamber Orchestra.<br><a href=\"https:\/\/www.svenskmusik.org\/en\">Svensk Musik<\/a><br>Listen:&nbsp;<a href=\"http:\/\/www.karin-rehnqvist.se\/listen\/Requiem_Aeternam_sats%202_1.mp3\" target=\"_blank\" rel=\"noopener noreferrer\">movt 2<\/a>,&nbsp;<a href=\"http:\/\/www.karin-rehnqvist.se\/listen\/Requiem_Aeternam_sats%207.mp3\" target=\"_blank\" rel=\"noopener noreferrer\">movt 5<\/a>&nbsp;|&nbsp;&nbsp;<a href=\"http:\/\/karin-rehnqvist.se\/English\/requiemaeternam.html\" target=\"_blank\" rel=\"noopener noreferrer\">Programme note<\/a>&nbsp;|&nbsp;&nbsp;<a href=\"http:\/\/www.karin-rehnqvist.se\/score\/RequiemAeternam.pdf\" target=\"_blank\" rel=\"noopener noreferrer\">Score sample<\/a>&nbsp;|&nbsp;&nbsp;<a href=\"http:\/\/karin-rehnqvist.se\/recensionerrequi.html\" target=\"_blank\" rel=\"noopener noreferrer\">Reviews<\/a><\/p>\n<p class=\"style140\">TRIOMPHE D\u2019EXISTER (A Triumph to Exist) (2008)<br>for children&#8217;s chorus and symphony orchestra. 15&#8242;.<br>Instr: 1 2 2 1 &#8211; 2 1 0 0, 2 perc, piano, harp, strings (6-6-4-4-4)<br>Text: Edith S\u00f6dergran, translated to French by D. Jauzion-Graverolles.<br>Commissioned by Casa da M\u00fasica Foundation, Porto.<br><a href=\"https:\/\/www.svenskmusik.org\/en\">Svensk Musik<\/a><br><a href=\"http:\/\/www.karin-rehnqvist.se\/listen\/Triomphe_d'exister_sample.mp3\" target=\"_blank\" rel=\"noopener noreferrer\">Listen<\/a>&nbsp;|&nbsp;&nbsp;<a href=\"http:\/\/karin-rehnqvist.se\/eng\/triomphe-dexister\/\" target=\"_blank\" rel=\"noopener noreferrer\">Programme note<\/a>&nbsp;|&nbsp;&nbsp;<a href=\"http:\/\/www.karin-rehnqvist.se\/score\/Triomphe_d'exister.pdf\" target=\"_blank\" rel=\"noopener noreferrer\">Score sample<\/a>&nbsp; |&nbsp;&nbsp;<a href=\"https:\/\/karin-rehnqvist.se\/eng\/wp-content\/uploads\/2024\/02\/Triomphe_dexister_piano.pdf\">Pianoscore<\/a><\/p>\n<p class=\"style140 f-lp\"><span class=\"style55\">LIGHT OF LIGHT<\/span> (Ljus av ljus) (Lumi\u00e8re, source de lumi\u00e8re) (2003\/rev 2023)<br>for children&#8217;s chorus and symphony orchestra. 15&#8242;.<br><span class=\"style220\">Instr: 2222-2330, 2 perc, timp, harp, strings (min 6-5-4-3-2) <\/span><br>Texts from the Swedish hymnal and the Bible. Singable texts in Swedish and English.<br>Commissioned by Radio France, Swedish Radio and Rikskonserter\/Concerts Sweden.<br><a href=\"https:\/\/gehrmans.se\/\">Gehrmans<\/a><br><a href=\"http:\/\/www.karin-rehnqvist.se\/listen\/LjusAvLjus1_xtr.mp3\" target=\"_blank\" rel=\"noopener noreferrer\">Listen<\/a>&nbsp;|&nbsp;&nbsp;<a href=\"http:\/\/karin-rehnqvist.se\/eng\/ljus-av-ljus-light-of-light\/\" target=\"_blank\" rel=\"noopener noreferrer\">Programme note<\/a>&nbsp;|&nbsp;&nbsp;<a href=\"https:\/\/karin-rehnqvist.se\/eng\/wp-content\/uploads\/2024\/02\/Ljus-av-ljus-Score-in-C-sample.pdf\">Score sample<\/a>&nbsp; |&nbsp;&nbsp;<a href=\"https:\/\/karin-rehnqvist.se\/eng\/wp-content\/uploads\/2024\/02\/Ljus-av-ljus-klaverutdrag-sample.pdf\">Pianoscore<\/a><\/p>\n<p class=\"style140 f-lp\">LIGHT OF LIGHT \u2013 BRIGHT, SHIMMERING (2003\/2023) 6\u2019<br>(Movt 1 of Light of Light) for children\u2019s chorus and chamber orchestra <br>Instr: 2,2,2,0 \u2013 2,2,0- harp, strings (min 6-5-4-3-2) <br>Texts Wallin, Ingemann<br><a href=\"http:\/\/www.karin-rehnqvist.se\/listen\/LjusAvLjus1_xtr.mp3\" target=\"_blank\" rel=\"noopener noreferrer\">Listen<\/a>&nbsp;|&nbsp;&nbsp;<a href=\"https:\/\/karin-rehnqvist.se\/eng\/light-of-light-bright-shimmering\/\" target=\"_blank\" rel=\"noopener noreferrer\">Programme note<\/a>&nbsp;|&nbsp;&nbsp;<a href=\"https:\/\/karin-rehnqvist.se\/eng\/wp-content\/uploads\/2024\/02\/Ljus-av-ljus-klart-skimrande-Score-sample.pdf\">Score sample<\/a>&nbsp; |&nbsp;&nbsp;<a href=\"https:\/\/karin-rehnqvist.se\/eng\/wp-content\/uploads\/2024\/02\/Ljus-av-ljus-klart-skimrande_Klaverutdrag-2024-sample.pdf\">Pianoscore<\/a><br><a href=\"https:\/\/gehrmans.se\/\">Gehrmans<\/a><\/p>\n\n\n<p><\/p>\n\n\n\n<p><\/p>\n","protected":false},"excerpt":{"rendered":"<p>DAY IS HERE (2018)for eight solo-voices\/double choir and strings (3, 3, 2, 2, 1). 20\u2032Commissioned by Musica Vitae and Vokalharmonin with support from <\/p>\n","protected":false},"author":1,"featured_media":648,"comment_status":"closed","ping_status":"open","sticky":false,"template":"","format":"standard","meta":{"ngg_post_thumbnail":0,"jetpack_post_was_ever_published":false,"_jetpack_newsletter_access":"","_jetpack_dont_email_post_to_subs":false,"_jetpack_newsletter_tier_id":0,"_jetpack_memberships_contains_paywalled_content":false,"_jetpack_memberships_contains_paid_content":false,"footnotes":"","jetpack_publicize_message":"","jetpack_publicize_feature_enabled":true,"jetpack_social_post_already_shared":true,"jetpack_social_options":{"image_generator_settings":{"template":"highway","default_image_id":0,"font":"","enabled":false},"version":2}},"categories":[7,5],"tags":[],"class_list":["post-1002","post","type-post","status-publish","format-standard","has-post-thumbnail","hentry","category-chorus-orchestra","category-complete-worklist"],"jetpack_publicize_connections":[],"jetpack_featured_media_url":"https:\/\/i0.wp.com\/karin-rehnqvist.se\/eng\/wp-content\/uploads\/2015\/06\/KR-noter_choir-orch.jpg?fit=900%2C659&ssl=1","jetpack_sharing_enabled":true,"jetpack_shortlink":"https:\/\/wp.me\/p79arM-ga","jetpack-related-posts":[{"id":1025,"url":"https:\/\/karin-rehnqvist.se\/eng\/mixed-chorus\/","url_meta":{"origin":1002,"position":0},"title":"Mixed chorus","author":"admin2","date":"January 26, 2016","format":false,"excerpt":"Easy: SONGS FROM THE EARTH (S\u00e5nger ur jorden) (1992\/2008), 6' for mixed chorus 1. Night on our earth (Natt \u00f6ver jorden) 2. Do not fear the darkness (Var inte r\u00e4dd f\u00f6r m\u00f6rkret). Text: Erik Blomberg. Singable text in Swedish and English. Ed. Reimers Lyrics\u00a0|\u00a0\u00a0Score sample: Night on our Earth\u00a0|\u00a0\u00a0Score sample:\u2026","rel":"","context":"In &quot;Complete worklist&quot;","block_context":{"text":"Complete worklist","link":"https:\/\/karin-rehnqvist.se\/eng\/category\/complete-worklist\/"},"img":{"alt_text":"","src":"https:\/\/i0.wp.com\/karin-rehnqvist.se\/eng\/wp-content\/uploads\/2015\/06\/KR-noter_choir_orange.jpg?fit=900%2C659&ssl=1&resize=350%2C200","width":350,"height":200,"srcset":"https:\/\/i0.wp.com\/karin-rehnqvist.se\/eng\/wp-content\/uploads\/2015\/06\/KR-noter_choir_orange.jpg?fit=900%2C659&ssl=1&resize=350%2C200 1x, https:\/\/i0.wp.com\/karin-rehnqvist.se\/eng\/wp-content\/uploads\/2015\/06\/KR-noter_choir_orange.jpg?fit=900%2C659&ssl=1&resize=525%2C300 1.5x, https:\/\/i0.wp.com\/karin-rehnqvist.se\/eng\/wp-content\/uploads\/2015\/06\/KR-noter_choir_orange.jpg?fit=900%2C659&ssl=1&resize=700%2C400 2x"},"classes":[]},{"id":2195,"url":"https:\/\/karin-rehnqvist.se\/eng\/all-the-choral-works-by-karin-rehnqvist\/","url_meta":{"origin":1002,"position":1},"title":"All choral works by Karin Rehnqvist","author":"admin2","date":"September 18, 2021","format":false,"excerpt":"Since 1983, she has composed choral music for all kinds of ensembles: treble choir, powerful girls' choir, women's choir, men's choir, mixed choir, and soloist choir. A cappella or with varying instrumental accompaniment. Most things have been going forward. But her real breakthrough work from 1994 - David's Nimm -\u2026","rel":"","context":"In &quot;Latest&quot;","block_context":{"text":"Latest","link":"https:\/\/karin-rehnqvist.se\/eng\/category\/latest\/"},"img":{"alt_text":"","src":"https:\/\/i0.wp.com\/karin-rehnqvist.se\/eng\/wp-content\/uploads\/2021\/09\/Karin-Rehnqvist-2019_popartnoter_2.jpg?fit=1200%2C774&ssl=1&resize=350%2C200","width":350,"height":200,"srcset":"https:\/\/i0.wp.com\/karin-rehnqvist.se\/eng\/wp-content\/uploads\/2021\/09\/Karin-Rehnqvist-2019_popartnoter_2.jpg?fit=1200%2C774&ssl=1&resize=350%2C200 1x, https:\/\/i0.wp.com\/karin-rehnqvist.se\/eng\/wp-content\/uploads\/2021\/09\/Karin-Rehnqvist-2019_popartnoter_2.jpg?fit=1200%2C774&ssl=1&resize=525%2C300 1.5x, https:\/\/i0.wp.com\/karin-rehnqvist.se\/eng\/wp-content\/uploads\/2021\/09\/Karin-Rehnqvist-2019_popartnoter_2.jpg?fit=1200%2C774&ssl=1&resize=700%2C400 2x, https:\/\/i0.wp.com\/karin-rehnqvist.se\/eng\/wp-content\/uploads\/2021\/09\/Karin-Rehnqvist-2019_popartnoter_2.jpg?fit=1200%2C774&ssl=1&resize=1050%2C600 3x"},"classes":[]},{"id":3702,"url":"https:\/\/karin-rehnqvist.se\/eng\/spring-2025\/","url_meta":{"origin":1002,"position":2},"title":"Spring 2025","author":"admin2","date":"February 7, 2025","format":false,"excerpt":"1 January 2025Day is here!YouTube releaseDet Norske Solistkor, Ensemble Allegria, Grete Pedersen, conductor 28 January 2025\u2026and so the day endsStockholm Saxophone Quartet\u00a0Atalante, Gothenburg, 7 pm 6 February 2025\u00a0Breaking the ice,\u00a0from Arktis Arktis!V\u00e4ster\u00e5s Sinfonietta, Tobias Ringborg, conductorV\u00e4ster\u00e5s Concert Hall, V\u00e4ster\u00e5s, Sweden, 7 pm 7 February 2025Silent Earth\u00a0\u2013 release album, Footprint Records\/NaxosSwedish\u2026","rel":"","context":"In &quot;Latest&quot;","block_context":{"text":"Latest","link":"https:\/\/karin-rehnqvist.se\/eng\/category\/latest\/"},"img":{"alt_text":"","src":"https:\/\/i0.wp.com\/karin-rehnqvist.se\/eng\/wp-content\/uploads\/2025\/02\/kvinnoansikte_profilgen_bla.jpg?fit=1200%2C622&ssl=1&resize=350%2C200","width":350,"height":200,"srcset":"https:\/\/i0.wp.com\/karin-rehnqvist.se\/eng\/wp-content\/uploads\/2025\/02\/kvinnoansikte_profilgen_bla.jpg?fit=1200%2C622&ssl=1&resize=350%2C200 1x, https:\/\/i0.wp.com\/karin-rehnqvist.se\/eng\/wp-content\/uploads\/2025\/02\/kvinnoansikte_profilgen_bla.jpg?fit=1200%2C622&ssl=1&resize=525%2C300 1.5x, https:\/\/i0.wp.com\/karin-rehnqvist.se\/eng\/wp-content\/uploads\/2025\/02\/kvinnoansikte_profilgen_bla.jpg?fit=1200%2C622&ssl=1&resize=700%2C400 2x, https:\/\/i0.wp.com\/karin-rehnqvist.se\/eng\/wp-content\/uploads\/2025\/02\/kvinnoansikte_profilgen_bla.jpg?fit=1200%2C622&ssl=1&resize=1050%2C600 3x"},"classes":[]},{"id":4058,"url":"https:\/\/karin-rehnqvist.se\/eng\/music-publishers-association-prize-for-take-the-milky-way\/","url_meta":{"origin":1002,"position":3},"title":"Music Publishers Association Prize for Take the Milky Way","author":"admin2","date":"November 18, 2025","format":false,"excerpt":"Karin Rehnqvist has been awarded\u00a0Musikf\u00f6rl\u00e4ggarna\u00a0the Swedish Music Publishers Association Prize 2025 for her composition Take the Milky Way, for mixed choir and baroque orchestra The\u00a0award\u00a0ceremony\u00a0took\u00a0place\u00a0in\u00a0Stockholm\u00a0on\u00a07\u00a0November, 2025. Prize justifcation \u2013 In Take the Milky Way we move away from the earth into desolate darkness where we join forces in a song\u2026","rel":"","context":"In &quot;Latest&quot;","block_context":{"text":"Latest","link":"https:\/\/karin-rehnqvist.se\/eng\/category\/latest\/"},"img":{"alt_text":"","src":"https:\/\/i0.wp.com\/karin-rehnqvist.se\/eng\/wp-content\/uploads\/2025\/11\/Karin-Rehnqvist-Musikforlaggarnas-pris-2025_2.jpg?fit=1200%2C867&ssl=1&resize=350%2C200","width":350,"height":200,"srcset":"https:\/\/i0.wp.com\/karin-rehnqvist.se\/eng\/wp-content\/uploads\/2025\/11\/Karin-Rehnqvist-Musikforlaggarnas-pris-2025_2.jpg?fit=1200%2C867&ssl=1&resize=350%2C200 1x, https:\/\/i0.wp.com\/karin-rehnqvist.se\/eng\/wp-content\/uploads\/2025\/11\/Karin-Rehnqvist-Musikforlaggarnas-pris-2025_2.jpg?fit=1200%2C867&ssl=1&resize=525%2C300 1.5x, https:\/\/i0.wp.com\/karin-rehnqvist.se\/eng\/wp-content\/uploads\/2025\/11\/Karin-Rehnqvist-Musikforlaggarnas-pris-2025_2.jpg?fit=1200%2C867&ssl=1&resize=700%2C400 2x, https:\/\/i0.wp.com\/karin-rehnqvist.se\/eng\/wp-content\/uploads\/2025\/11\/Karin-Rehnqvist-Musikforlaggarnas-pris-2025_2.jpg?fit=1200%2C867&ssl=1&resize=1050%2C600 3x"},"classes":[]},{"id":3808,"url":"https:\/\/karin-rehnqvist.se\/eng\/world-premiere-of-take-the-milky-way-in-helsinki\/","url_meta":{"origin":1002,"position":4},"title":"World premiere of Take the Milky Way in Helsinki","author":"admin2","date":"April 10, 2025","format":false,"excerpt":"A new choral work by Karin Rehnqvist for mixed choir, baroque orchestra and ad libitum audience will be heard on April 26 in Helsinki. The piece is called Take the Milky Way. Four movements, with lyrics by Kerstin Perski. The world premiere will be performed by the Helsinki Chamber Choir\u2026","rel":"","context":"In &quot;Latest&quot;","block_context":{"text":"Latest","link":"https:\/\/karin-rehnqvist.se\/eng\/category\/latest\/"},"img":{"alt_text":"","src":"https:\/\/i0.wp.com\/karin-rehnqvist.se\/eng\/wp-content\/uploads\/2025\/04\/HKK-PromoVintergatan_2.jpg?fit=1200%2C778&ssl=1&resize=350%2C200","width":350,"height":200,"srcset":"https:\/\/i0.wp.com\/karin-rehnqvist.se\/eng\/wp-content\/uploads\/2025\/04\/HKK-PromoVintergatan_2.jpg?fit=1200%2C778&ssl=1&resize=350%2C200 1x, https:\/\/i0.wp.com\/karin-rehnqvist.se\/eng\/wp-content\/uploads\/2025\/04\/HKK-PromoVintergatan_2.jpg?fit=1200%2C778&ssl=1&resize=525%2C300 1.5x, https:\/\/i0.wp.com\/karin-rehnqvist.se\/eng\/wp-content\/uploads\/2025\/04\/HKK-PromoVintergatan_2.jpg?fit=1200%2C778&ssl=1&resize=700%2C400 2x, https:\/\/i0.wp.com\/karin-rehnqvist.se\/eng\/wp-content\/uploads\/2025\/04\/HKK-PromoVintergatan_2.jpg?fit=1200%2C778&ssl=1&resize=1050%2C600 3x"},"classes":[]},{"id":1027,"url":"https:\/\/karin-rehnqvist.se\/eng\/treble-womens-chorus\/","url_meta":{"origin":1002,"position":5},"title":"Treble \/ Women&#8217;s chorus","author":"admin2","date":"January 26, 2016","format":false,"excerpt":"Easy: IT MAKES ME MAD (Jag blir s\u00e5 arg) (2023)x for children\u2019s choir and piano. 3\u2019 Lyrics in Swedish and English Gehrmans Score sample I KNOW, I\u2019M ABLE (Jag vet jag duger) (2023) 2\u2019 for upper voices, piano and alto saxophone. The saxophone part can be replaced by optional instrument.\u2026","rel":"","context":"In &quot;Complete worklist&quot;","block_context":{"text":"Complete worklist","link":"https:\/\/karin-rehnqvist.se\/eng\/category\/complete-worklist\/"},"img":{"alt_text":"","src":"https:\/\/i0.wp.com\/karin-rehnqvist.se\/eng\/wp-content\/uploads\/2015\/06\/KR-noter_choir_orange.jpg?fit=900%2C659&ssl=1&resize=350%2C200","width":350,"height":200,"srcset":"https:\/\/i0.wp.com\/karin-rehnqvist.se\/eng\/wp-content\/uploads\/2015\/06\/KR-noter_choir_orange.jpg?fit=900%2C659&ssl=1&resize=350%2C200 1x, https:\/\/i0.wp.com\/karin-rehnqvist.se\/eng\/wp-content\/uploads\/2015\/06\/KR-noter_choir_orange.jpg?fit=900%2C659&ssl=1&resize=525%2C300 1.5x, https:\/\/i0.wp.com\/karin-rehnqvist.se\/eng\/wp-content\/uploads\/2015\/06\/KR-noter_choir_orange.jpg?fit=900%2C659&ssl=1&resize=700%2C400 2x"},"classes":[]}],"_links":{"self":[{"href":"https:\/\/karin-rehnqvist.se\/eng\/wp-json\/wp\/v2\/posts\/1002","targetHints":{"allow":["GET"]}}],"collection":[{"href":"https:\/\/karin-rehnqvist.se\/eng\/wp-json\/wp\/v2\/posts"}],"about":[{"href":"https:\/\/karin-rehnqvist.se\/eng\/wp-json\/wp\/v2\/types\/post"}],"author":[{"embeddable":true,"href":"https:\/\/karin-rehnqvist.se\/eng\/wp-json\/wp\/v2\/users\/1"}],"replies":[{"embeddable":true,"href":"https:\/\/karin-rehnqvist.se\/eng\/wp-json\/wp\/v2\/comments?post=1002"}],"version-history":[{"count":41,"href":"https:\/\/karin-rehnqvist.se\/eng\/wp-json\/wp\/v2\/posts\/1002\/revisions"}],"predecessor-version":[{"id":4020,"href":"https:\/\/karin-rehnqvist.se\/eng\/wp-json\/wp\/v2\/posts\/1002\/revisions\/4020"}],"wp:featuredmedia":[{"embeddable":true,"href":"https:\/\/karin-rehnqvist.se\/eng\/wp-json\/wp\/v2\/media\/648"}],"wp:attachment":[{"href":"https:\/\/karin-rehnqvist.se\/eng\/wp-json\/wp\/v2\/media?parent=1002"}],"wp:term":[{"taxonomy":"category","embeddable":true,"href":"https:\/\/karin-rehnqvist.se\/eng\/wp-json\/wp\/v2\/categories?post=1002"},{"taxonomy":"post_tag","embeddable":true,"href":"https:\/\/karin-rehnqvist.se\/eng\/wp-json\/wp\/v2\/tags?post=1002"}],"curies":[{"name":"wp","href":"https:\/\/api.w.org\/{rel}","templated":true}]}}